{"id":1056,"date":"2019-04-16T10:23:00","date_gmt":"2019-04-16T08:23:00","guid":{"rendered":"https:\/\/www.cds-wohnbau.de\/?p=1056"},"modified":"2023-01-12T10:24:50","modified_gmt":"2023-01-12T09:24:50","slug":"verkaufsstart-am-huehnerstein-in-ober-erlenbach","status":"publish","type":"post","link":"https:\/\/www.cds-wohnbau.de\/en\/2019\/04\/16\/verkaufsstart-am-huehnerstein-in-ober-erlenbach\/","title":{"rendered":"Start of sales \"Am H\u00fchnerstein\" in Ober-Erlenbach"},"content":{"rendered":"<figure class=\"wp-block-image size-full\"><img fetchpriority=\"high\" decoding=\"async\" width=\"600\" height=\"400\" src=\"https:\/\/www.cds-wohnbau.de\/wp-content\/uploads\/2023\/01\/fra-amhuehnerstein-vertriebsstart.jpg\" alt=\"\" class=\"wp-image-1057\" srcset=\"https:\/\/www.cds-wohnbau.de\/wp-content\/uploads\/2023\/01\/fra-amhuehnerstein-vertriebsstart.jpg 600w, https:\/\/www.cds-wohnbau.de\/wp-content\/uploads\/2023\/01\/fra-amhuehnerstein-vertriebsstart-300x200.jpg 300w\" sizes=\"(max-width: 600px) 100vw, 600px\" \/><\/figure>\n\n\n\n<p>Living in Ober-Erlenbach means modern living on approx. 162m\u00b2-164m\u00b2, with modern equipment, bright rooms and intelligent floor plans.<\/p>\n\n\n\n<p>The furnishings of the houses are stylish and sustainable. All AM H\u00dcHNERSTEIN buildings meet the high requirements of the EnEV 2016 and the associated specifications of the law for the promotion of renewable energies in the heating sector (EEW\u00e4rmeG). An energy requirement certificate is available for each house.<\/p>\n\n\n\n<p>The houses are supplied with energy via local heating, which corresponds to our zeitgeist in terms of primary energy requirements.<\/p>\n\n\n\n<p>The tastefully furnished ambience is characterized by the well-designed room layout. If you wish, you can divide your floor plan into several rooms or design it as an open floor plan with a loft character - according to your personal needs.<\/p>\n\n\n\n<p>Get an idea of our project and get in touch with us.<\/p>\n\n\n\n<p>cds Wohnbau GmbH<\/p>\n\n\n\n<p>Contact person: Mr. Harald Lotz<\/p>\n\n\n\n<p>Stresemannallee 30 \u00b7 60596 Frankfurt<\/p>\n\n\n\n<p>Arrange your personal consultation appointment by telephone&nbsp;<strong>069\/ 6897477 -16<\/strong><\/p>\n\n\n\n<p>or via email&nbsp;<strong>amhuehnerstein@cds-wohnbau.de<\/strong><\/p>\n\n\n\n<p>For more information, see&nbsp;<strong>www.am-huehnerstein.de<\/strong><\/p>","protected":false},"excerpt":{"rendered":"<p>Leben in Ober-Erlenbach bedeutet modernes Wohnen auf ca. 162m\u00b2-164 m\u00b2, mit moderner Ausstattung, hellen Zimmern und intelligenten Grundrissen. Die Ausstattung der H\u00e4user ist stilvoll und nachhaltig. Alle Geb\u00e4ude AM H\u00dcHNERSTEIN erf\u00fcllen die hohen Anforderungen der EnEV 2016 und die damit verbundenen Vorgaben des Gesetz zur F\u00f6rderung Erneuerbarer Energien im W\u00e4rmebereich (EEW\u00e4rmeG). Ein Energiebedarfsausweis liegt f\u00fcr [&hellip;]<\/p>\n","protected":false},"author":2,"featured_media":1057,"comment_status":"closed","ping_status":"closed","sticky":false,"template":"","format":"standard","meta":{"footnotes":""},"categories":[25],"tags":[],"presse-standort":[],"class_list":["post-1056","post","type-post","status-publish","format-standard","has-post-thumbnail","hentry","category-news"],"yoast_head":"<!-- This site is optimized with the Yoast SEO plugin v27.4 - https:\/\/yoast.com\/product\/yoast-seo-wordpress\/ -->\n<title>Verkaufsstart &quot;Am H\u00fchnerstein&quot; in Ober-Erlenbach - cds Wohnbau Gruppe | Berlin Frankfurt Hamburg<\/title>\n<meta name=\"description\" content=\"Aktuelle Nachrichten \u00fcber die cds Wohnbau Gruppe\" \/>\n<meta name=\"robots\" content=\"index, follow, max-snippet:-1, max-image-preview:large, max-video-preview:-1\" \/>\n<link rel=\"canonical\" href=\"https:\/\/www.cds-wohnbau.de\/en\/2019\/04\/16\/verkaufsstart-am-huehnerstein-in-ober-erlenbach\/\" \/>\n<meta property=\"og:locale\" content=\"en_US\" \/>\n<meta property=\"og:type\" content=\"article\" \/>\n<meta property=\"og:title\" content=\"Verkaufsstart &quot;Am H\u00fchnerstein&quot; in Ober-Erlenbach - cds Wohnbau Gruppe | Berlin Frankfurt Hamburg\" \/>\n<meta property=\"og:description\" content=\"Aktuelle Nachrichten \u00fcber die cds Wohnbau Gruppe\" \/>\n<meta property=\"og:url\" content=\"https:\/\/www.cds-wohnbau.de\/en\/2019\/04\/16\/verkaufsstart-am-huehnerstein-in-ober-erlenbach\/\" \/>\n<meta property=\"og:site_name\" content=\"cds Wohnbau Gruppe\" \/>\n<meta property=\"article:published_time\" content=\"2019-04-16T08:23:00+00:00\" \/>\n<meta property=\"article:modified_time\" content=\"2023-01-12T09:24:50+00:00\" \/>\n<meta property=\"og:image\" content=\"https:\/\/www.cds-wohnbau.de\/wp-content\/uploads\/2023\/01\/fra-amhuehnerstein-vertriebsstart.jpg\" \/>\n\t<meta property=\"og:image:width\" content=\"600\" \/>\n\t<meta property=\"og:image:height\" content=\"400\" \/>\n\t<meta property=\"og:image:type\" content=\"image\/jpeg\" \/>\n<meta name=\"author\" content=\"b2ku\" \/>\n<meta name=\"twitter:card\" content=\"summary_large_image\" \/>\n<meta name=\"twitter:label1\" content=\"Written by\" \/>\n\t<meta name=\"twitter:data1\" content=\"b2ku\" \/>\n\t<meta name=\"twitter:label2\" content=\"Est. reading time\" \/>\n\t<meta name=\"twitter:data2\" content=\"1 minute\" \/>\n<script type=\"application\/ld+json\" class=\"yoast-schema-graph\">{\"@context\":\"https:\\\/\\\/schema.org\",\"@graph\":[{\"@type\":\"Article\",\"@id\":\"https:\\\/\\\/www.cds-wohnbau.de\\\/2019\\\/04\\\/16\\\/verkaufsstart-am-huehnerstein-in-ober-erlenbach\\\/#article\",\"isPartOf\":{\"@id\":\"https:\\\/\\\/www.cds-wohnbau.de\\\/2019\\\/04\\\/16\\\/verkaufsstart-am-huehnerstein-in-ober-erlenbach\\\/\"},\"author\":{\"name\":\"b2ku\",\"@id\":\"https:\\\/\\\/www.cds-wohnbau.de\\\/#\\\/schema\\\/person\\\/f5877773c9c4ff537ad8c16f4f987135\"},\"headline\":\"Verkaufsstart &#8222;Am H\u00fchnerstein&#8220; in Ober-Erlenbach\",\"datePublished\":\"2019-04-16T08:23:00+00:00\",\"dateModified\":\"2023-01-12T09:24:50+00:00\",\"mainEntityOfPage\":{\"@id\":\"https:\\\/\\\/www.cds-wohnbau.de\\\/2019\\\/04\\\/16\\\/verkaufsstart-am-huehnerstein-in-ober-erlenbach\\\/\"},\"wordCount\":182,\"publisher\":{\"@id\":\"https:\\\/\\\/www.cds-wohnbau.de\\\/#organization\"},\"image\":{\"@id\":\"https:\\\/\\\/www.cds-wohnbau.de\\\/2019\\\/04\\\/16\\\/verkaufsstart-am-huehnerstein-in-ober-erlenbach\\\/#primaryimage\"},\"thumbnailUrl\":\"https:\\\/\\\/www.cds-wohnbau.de\\\/wp-content\\\/uploads\\\/2023\\\/01\\\/fra-amhuehnerstein-vertriebsstart.jpg\",\"articleSection\":[\"News\"],\"inLanguage\":\"en-US\"},{\"@type\":\"WebPage\",\"@id\":\"https:\\\/\\\/www.cds-wohnbau.de\\\/2019\\\/04\\\/16\\\/verkaufsstart-am-huehnerstein-in-ober-erlenbach\\\/\",\"url\":\"https:\\\/\\\/www.cds-wohnbau.de\\\/2019\\\/04\\\/16\\\/verkaufsstart-am-huehnerstein-in-ober-erlenbach\\\/\",\"name\":\"Verkaufsstart \\\"Am H\u00fchnerstein\\\" in Ober-Erlenbach - cds Wohnbau Gruppe | Berlin Frankfurt Hamburg\",\"isPartOf\":{\"@id\":\"https:\\\/\\\/www.cds-wohnbau.de\\\/#website\"},\"primaryImageOfPage\":{\"@id\":\"https:\\\/\\\/www.cds-wohnbau.de\\\/2019\\\/04\\\/16\\\/verkaufsstart-am-huehnerstein-in-ober-erlenbach\\\/#primaryimage\"},\"image\":{\"@id\":\"https:\\\/\\\/www.cds-wohnbau.de\\\/2019\\\/04\\\/16\\\/verkaufsstart-am-huehnerstein-in-ober-erlenbach\\\/#primaryimage\"},\"thumbnailUrl\":\"https:\\\/\\\/www.cds-wohnbau.de\\\/wp-content\\\/uploads\\\/2023\\\/01\\\/fra-amhuehnerstein-vertriebsstart.jpg\",\"datePublished\":\"2019-04-16T08:23:00+00:00\",\"dateModified\":\"2023-01-12T09:24:50+00:00\",\"description\":\"Aktuelle Nachrichten \u00fcber die cds Wohnbau Gruppe\",\"breadcrumb\":{\"@id\":\"https:\\\/\\\/www.cds-wohnbau.de\\\/2019\\\/04\\\/16\\\/verkaufsstart-am-huehnerstein-in-ober-erlenbach\\\/#breadcrumb\"},\"inLanguage\":\"en-US\",\"potentialAction\":[{\"@type\":\"ReadAction\",\"target\":[\"https:\\\/\\\/www.cds-wohnbau.de\\\/2019\\\/04\\\/16\\\/verkaufsstart-am-huehnerstein-in-ober-erlenbach\\\/\"]}]},{\"@type\":\"ImageObject\",\"inLanguage\":\"en-US\",\"@id\":\"https:\\\/\\\/www.cds-wohnbau.de\\\/2019\\\/04\\\/16\\\/verkaufsstart-am-huehnerstein-in-ober-erlenbach\\\/#primaryimage\",\"url\":\"https:\\\/\\\/www.cds-wohnbau.de\\\/wp-content\\\/uploads\\\/2023\\\/01\\\/fra-amhuehnerstein-vertriebsstart.jpg\",\"contentUrl\":\"https:\\\/\\\/www.cds-wohnbau.de\\\/wp-content\\\/uploads\\\/2023\\\/01\\\/fra-amhuehnerstein-vertriebsstart.jpg\",\"width\":600,\"height\":400},{\"@type\":\"BreadcrumbList\",\"@id\":\"https:\\\/\\\/www.cds-wohnbau.de\\\/2019\\\/04\\\/16\\\/verkaufsstart-am-huehnerstein-in-ober-erlenbach\\\/#breadcrumb\",\"itemListElement\":[{\"@type\":\"ListItem\",\"position\":1,\"name\":\"Home\",\"item\":\"https:\\\/\\\/www.cds-wohnbau.de\\\/\"},{\"@type\":\"ListItem\",\"position\":2,\"name\":\"Verkaufsstart &#8222;Am H\u00fchnerstein&#8220; in Ober-Erlenbach\"}]},{\"@type\":\"WebSite\",\"@id\":\"https:\\\/\\\/www.cds-wohnbau.de\\\/#website\",\"url\":\"https:\\\/\\\/www.cds-wohnbau.de\\\/\",\"name\":\"cds Wohnbau Gruppe\",\"description\":\"Berlin Frankfurt Hamburg\",\"publisher\":{\"@id\":\"https:\\\/\\\/www.cds-wohnbau.de\\\/#organization\"},\"potentialAction\":[{\"@type\":\"SearchAction\",\"target\":{\"@type\":\"EntryPoint\",\"urlTemplate\":\"https:\\\/\\\/www.cds-wohnbau.de\\\/?s={search_term_string}\"},\"query-input\":{\"@type\":\"PropertyValueSpecification\",\"valueRequired\":true,\"valueName\":\"search_term_string\"}}],\"inLanguage\":\"en-US\"},{\"@type\":\"Organization\",\"@id\":\"https:\\\/\\\/www.cds-wohnbau.de\\\/#organization\",\"name\":\"cds Wohnbau Gruppe\",\"url\":\"https:\\\/\\\/www.cds-wohnbau.de\\\/\",\"logo\":{\"@type\":\"ImageObject\",\"inLanguage\":\"en-US\",\"@id\":\"https:\\\/\\\/www.cds-wohnbau.de\\\/#\\\/schema\\\/logo\\\/image\\\/\",\"url\":\"https:\\\/\\\/www.cds-wohnbau.de\\\/wp-content\\\/uploads\\\/2022\\\/10\\\/logo.png\",\"contentUrl\":\"https:\\\/\\\/www.cds-wohnbau.de\\\/wp-content\\\/uploads\\\/2022\\\/10\\\/logo.png\",\"width\":246,\"height\":78,\"caption\":\"cds Wohnbau Gruppe\"},\"image\":{\"@id\":\"https:\\\/\\\/www.cds-wohnbau.de\\\/#\\\/schema\\\/logo\\\/image\\\/\"}},{\"@type\":\"Person\",\"@id\":\"https:\\\/\\\/www.cds-wohnbau.de\\\/#\\\/schema\\\/person\\\/f5877773c9c4ff537ad8c16f4f987135\",\"name\":\"b2ku\",\"image\":{\"@type\":\"ImageObject\",\"inLanguage\":\"en-US\",\"@id\":\"https:\\\/\\\/secure.gravatar.com\\\/avatar\\\/b98645969bfc25f4d559359aea1ea3514e7297efc52cadb506c0f1e3cdf5daeb?s=96&d=mm&r=g\",\"url\":\"https:\\\/\\\/secure.gravatar.com\\\/avatar\\\/b98645969bfc25f4d559359aea1ea3514e7297efc52cadb506c0f1e3cdf5daeb?s=96&d=mm&r=g\",\"contentUrl\":\"https:\\\/\\\/secure.gravatar.com\\\/avatar\\\/b98645969bfc25f4d559359aea1ea3514e7297efc52cadb506c0f1e3cdf5daeb?s=96&d=mm&r=g\",\"caption\":\"b2ku\"},\"url\":\"https:\\\/\\\/www.cds-wohnbau.de\\\/en\\\/author\\\/b2ku\\\/\"}]}<\/script>\n<!-- \/ Yoast SEO plugin. -->","yoast_head_json":{"title":"Verkaufsstart \"Am H\u00fchnerstein\" in Ober-Erlenbach - cds Wohnbau Gruppe | Berlin Frankfurt Hamburg","description":"Aktuelle Nachrichten \u00fcber die cds Wohnbau Gruppe","robots":{"index":"index","follow":"follow","max-snippet":"max-snippet:-1","max-image-preview":"max-image-preview:large","max-video-preview":"max-video-preview:-1"},"canonical":"https:\/\/www.cds-wohnbau.de\/en\/2019\/04\/16\/verkaufsstart-am-huehnerstein-in-ober-erlenbach\/","og_locale":"en_US","og_type":"article","og_title":"Verkaufsstart \"Am H\u00fchnerstein\" in Ober-Erlenbach - cds Wohnbau Gruppe | Berlin Frankfurt Hamburg","og_description":"Aktuelle Nachrichten \u00fcber die cds Wohnbau Gruppe","og_url":"https:\/\/www.cds-wohnbau.de\/en\/2019\/04\/16\/verkaufsstart-am-huehnerstein-in-ober-erlenbach\/","og_site_name":"cds Wohnbau Gruppe","article_published_time":"2019-04-16T08:23:00+00:00","article_modified_time":"2023-01-12T09:24:50+00:00","og_image":[{"width":600,"height":400,"url":"https:\/\/www.cds-wohnbau.de\/wp-content\/uploads\/2023\/01\/fra-amhuehnerstein-vertriebsstart.jpg","type":"image\/jpeg"}],"author":"b2ku","twitter_card":"summary_large_image","twitter_misc":{"Written by":"b2ku","Est. reading time":"1 minute"},"schema":{"@context":"https:\/\/schema.org","@graph":[{"@type":"Article","@id":"https:\/\/www.cds-wohnbau.de\/2019\/04\/16\/verkaufsstart-am-huehnerstein-in-ober-erlenbach\/#article","isPartOf":{"@id":"https:\/\/www.cds-wohnbau.de\/2019\/04\/16\/verkaufsstart-am-huehnerstein-in-ober-erlenbach\/"},"author":{"name":"b2ku","@id":"https:\/\/www.cds-wohnbau.de\/#\/schema\/person\/f5877773c9c4ff537ad8c16f4f987135"},"headline":"Verkaufsstart &#8222;Am H\u00fchnerstein&#8220; in Ober-Erlenbach","datePublished":"2019-04-16T08:23:00+00:00","dateModified":"2023-01-12T09:24:50+00:00","mainEntityOfPage":{"@id":"https:\/\/www.cds-wohnbau.de\/2019\/04\/16\/verkaufsstart-am-huehnerstein-in-ober-erlenbach\/"},"wordCount":182,"publisher":{"@id":"https:\/\/www.cds-wohnbau.de\/#organization"},"image":{"@id":"https:\/\/www.cds-wohnbau.de\/2019\/04\/16\/verkaufsstart-am-huehnerstein-in-ober-erlenbach\/#primaryimage"},"thumbnailUrl":"https:\/\/www.cds-wohnbau.de\/wp-content\/uploads\/2023\/01\/fra-amhuehnerstein-vertriebsstart.jpg","articleSection":["News"],"inLanguage":"en-US"},{"@type":"WebPage","@id":"https:\/\/www.cds-wohnbau.de\/2019\/04\/16\/verkaufsstart-am-huehnerstein-in-ober-erlenbach\/","url":"https:\/\/www.cds-wohnbau.de\/2019\/04\/16\/verkaufsstart-am-huehnerstein-in-ober-erlenbach\/","name":"Verkaufsstart \"Am H\u00fchnerstein\" in Ober-Erlenbach - cds Wohnbau Gruppe | Berlin Frankfurt Hamburg","isPartOf":{"@id":"https:\/\/www.cds-wohnbau.de\/#website"},"primaryImageOfPage":{"@id":"https:\/\/www.cds-wohnbau.de\/2019\/04\/16\/verkaufsstart-am-huehnerstein-in-ober-erlenbach\/#primaryimage"},"image":{"@id":"https:\/\/www.cds-wohnbau.de\/2019\/04\/16\/verkaufsstart-am-huehnerstein-in-ober-erlenbach\/#primaryimage"},"thumbnailUrl":"https:\/\/www.cds-wohnbau.de\/wp-content\/uploads\/2023\/01\/fra-amhuehnerstein-vertriebsstart.jpg","datePublished":"2019-04-16T08:23:00+00:00","dateModified":"2023-01-12T09:24:50+00:00","description":"Aktuelle Nachrichten \u00fcber die cds Wohnbau Gruppe","breadcrumb":{"@id":"https:\/\/www.cds-wohnbau.de\/2019\/04\/16\/verkaufsstart-am-huehnerstein-in-ober-erlenbach\/#breadcrumb"},"inLanguage":"en-US","potentialAction":[{"@type":"ReadAction","target":["https:\/\/www.cds-wohnbau.de\/2019\/04\/16\/verkaufsstart-am-huehnerstein-in-ober-erlenbach\/"]}]},{"@type":"ImageObject","inLanguage":"en-US","@id":"https:\/\/www.cds-wohnbau.de\/2019\/04\/16\/verkaufsstart-am-huehnerstein-in-ober-erlenbach\/#primaryimage","url":"https:\/\/www.cds-wohnbau.de\/wp-content\/uploads\/2023\/01\/fra-amhuehnerstein-vertriebsstart.jpg","contentUrl":"https:\/\/www.cds-wohnbau.de\/wp-content\/uploads\/2023\/01\/fra-amhuehnerstein-vertriebsstart.jpg","width":600,"height":400},{"@type":"BreadcrumbList","@id":"https:\/\/www.cds-wohnbau.de\/2019\/04\/16\/verkaufsstart-am-huehnerstein-in-ober-erlenbach\/#breadcrumb","itemListElement":[{"@type":"ListItem","position":1,"name":"Home","item":"https:\/\/www.cds-wohnbau.de\/"},{"@type":"ListItem","position":2,"name":"Verkaufsstart &#8222;Am H\u00fchnerstein&#8220; in Ober-Erlenbach"}]},{"@type":"WebSite","@id":"https:\/\/www.cds-wohnbau.de\/#website","url":"https:\/\/www.cds-wohnbau.de\/","name":"cds Wohnbau Group","description":"Berlin Frankfurt Hamburg","publisher":{"@id":"https:\/\/www.cds-wohnbau.de\/#organization"},"potentialAction":[{"@type":"SearchAction","target":{"@type":"EntryPoint","urlTemplate":"https:\/\/www.cds-wohnbau.de\/?s={search_term_string}"},"query-input":{"@type":"PropertyValueSpecification","valueRequired":true,"valueName":"search_term_string"}}],"inLanguage":"en-US"},{"@type":"Organization","@id":"https:\/\/www.cds-wohnbau.de\/#organization","name":"cds Wohnbau Group","url":"https:\/\/www.cds-wohnbau.de\/","logo":{"@type":"ImageObject","inLanguage":"en-US","@id":"https:\/\/www.cds-wohnbau.de\/#\/schema\/logo\/image\/","url":"https:\/\/www.cds-wohnbau.de\/wp-content\/uploads\/2022\/10\/logo.png","contentUrl":"https:\/\/www.cds-wohnbau.de\/wp-content\/uploads\/2022\/10\/logo.png","width":246,"height":78,"caption":"cds Wohnbau Gruppe"},"image":{"@id":"https:\/\/www.cds-wohnbau.de\/#\/schema\/logo\/image\/"}},{"@type":"Person","@id":"https:\/\/www.cds-wohnbau.de\/#\/schema\/person\/f5877773c9c4ff537ad8c16f4f987135","name":"b2ku","image":{"@type":"ImageObject","inLanguage":"en-US","@id":"https:\/\/secure.gravatar.com\/avatar\/b98645969bfc25f4d559359aea1ea3514e7297efc52cadb506c0f1e3cdf5daeb?s=96&d=mm&r=g","url":"https:\/\/secure.gravatar.com\/avatar\/b98645969bfc25f4d559359aea1ea3514e7297efc52cadb506c0f1e3cdf5daeb?s=96&d=mm&r=g","contentUrl":"https:\/\/secure.gravatar.com\/avatar\/b98645969bfc25f4d559359aea1ea3514e7297efc52cadb506c0f1e3cdf5daeb?s=96&d=mm&r=g","caption":"b2ku"},"url":"https:\/\/www.cds-wohnbau.de\/en\/author\/b2ku\/"}]}},"_links":{"self":[{"href":"https:\/\/www.cds-wohnbau.de\/en\/wp-json\/wp\/v2\/posts\/1056","targetHints":{"allow":["GET"]}}],"collection":[{"href":"https:\/\/www.cds-wohnbau.de\/en\/wp-json\/wp\/v2\/posts"}],"about":[{"href":"https:\/\/www.cds-wohnbau.de\/en\/wp-json\/wp\/v2\/types\/post"}],"author":[{"embeddable":true,"href":"https:\/\/www.cds-wohnbau.de\/en\/wp-json\/wp\/v2\/users\/2"}],"replies":[{"embeddable":true,"href":"https:\/\/www.cds-wohnbau.de\/en\/wp-json\/wp\/v2\/comments?post=1056"}],"version-history":[{"count":1,"href":"https:\/\/www.cds-wohnbau.de\/en\/wp-json\/wp\/v2\/posts\/1056\/revisions"}],"predecessor-version":[{"id":1058,"href":"https:\/\/www.cds-wohnbau.de\/en\/wp-json\/wp\/v2\/posts\/1056\/revisions\/1058"}],"wp:featuredmedia":[{"embeddable":true,"href":"https:\/\/www.cds-wohnbau.de\/en\/wp-json\/wp\/v2\/media\/1057"}],"wp:attachment":[{"href":"https:\/\/www.cds-wohnbau.de\/en\/wp-json\/wp\/v2\/media?parent=1056"}],"wp:term":[{"taxonomy":"category","embeddable":true,"href":"https:\/\/www.cds-wohnbau.de\/en\/wp-json\/wp\/v2\/categories?post=1056"},{"taxonomy":"post_tag","embeddable":true,"href":"https:\/\/www.cds-wohnbau.de\/en\/wp-json\/wp\/v2\/tags?post=1056"},{"taxonomy":"presse-standort","embeddable":true,"href":"https:\/\/www.cds-wohnbau.de\/en\/wp-json\/wp\/v2\/presse-standort?post=1056"}],"curies":[{"name":"wp","href":"https:\/\/api.w.org\/{rel}","templated":true}]}}