{"id":1086,"date":"2018-05-14T10:42:00","date_gmt":"2018-05-14T08:42:00","guid":{"rendered":"https:\/\/www.cds-wohnbau.de\/?p=1086"},"modified":"2023-01-19T14:22:47","modified_gmt":"2023-01-19T13:22:47","slug":"grundsteinlegung-mein-prenzlhain","status":"publish","type":"post","link":"https:\/\/www.cds-wohnbau.de\/en\/2018\/05\/14\/grundsteinlegung-mein-prenzlhain\/","title":{"rendered":"Grundsteinlegung &#8222;Mein Prenzlhain&#8220;"},"content":{"rendered":"<h3 class=\"wp-block-heading\">Laying of the foundation stone for the Federal Association for Life Aid and the Berlin Vocational Training Center<\/h3>\n\n\n\n<h4 class=\"wp-block-heading\">New buildings in Prenzlauer Berg will be new domiciles for two social institutions<\/h4>\n\n\n\n<p><strong>Berlin.<\/strong>&nbsp;On Monday, May 14, 2018, the laying of the foundation stone for the start of construction of two buildings in Prenzlauer Berg took place. In the presence of the Berlin State Secretary for Labor and Social Affairs, Alexander Fischer, the go-ahead was given for the construction of new domiciles for the Bundesvereinigung Lebenshilfe e. V. and the Vocational Training Center (BTZ) Berlin of the Berufsf\u00f6rderungswerk Berlin-Brandenburg e. V&nbsp;<br>&nbsp;<\/p>\n\n\n\n<p>Both institutions have a social mandate and focus on the participation of people with mental or intellectual disabilities or limitations. Right next to each other, the employees of both institutions will then continue to organize help and services for participation or carry out corresponding offers for these groups of people on a total of almost 10,000 m\u00b2 in new modern premises.<\/p>\n\n\n\n<figure class=\"wp-block-image size-full\"><img fetchpriority=\"high\" decoding=\"async\" width=\"700\" height=\"467\" src=\"https:\/\/www.cds-wohnbau.de\/wp-content\/uploads\/2023\/01\/Grundstein-Lebenshilfe2_Bild-Bernd-Lammel_internet.jpg\" alt=\"\" class=\"wp-image-1087\" srcset=\"https:\/\/www.cds-wohnbau.de\/wp-content\/uploads\/2023\/01\/Grundstein-Lebenshilfe2_Bild-Bernd-Lammel_internet.jpg 700w, https:\/\/www.cds-wohnbau.de\/wp-content\/uploads\/2023\/01\/Grundstein-Lebenshilfe2_Bild-Bernd-Lammel_internet-300x200.jpg 300w\" sizes=\"(max-width: 700px) 100vw, 700px\" \/><figcaption class=\"wp-element-caption\">Foreman Andreas Gleitsmann, Rolf Flathmann, deputy federal chairman of Lebenshilfe, Monika Haslberger, deputy federal chairman of Lebenshilfe, Claus-Dieter Schmidt from cds Wohnbau Berlin GmbH, federal chairman Ulla Schmidt, M<\/figcaption><\/figure>\n\n\n\n<figure class=\"wp-block-image size-full\"><img decoding=\"async\" width=\"700\" height=\"467\" src=\"https:\/\/www.cds-wohnbau.de\/wp-content\/uploads\/2023\/01\/Grundsteinlegung-BTZ_Bild-Bernd-Lammel_internet.jpg\" alt=\"\" class=\"wp-image-1088\" srcset=\"https:\/\/www.cds-wohnbau.de\/wp-content\/uploads\/2023\/01\/Grundsteinlegung-BTZ_Bild-Bernd-Lammel_internet.jpg 700w, https:\/\/www.cds-wohnbau.de\/wp-content\/uploads\/2023\/01\/Grundsteinlegung-BTZ_Bild-Bernd-Lammel_internet-300x200.jpg 300w\" sizes=\"(max-width: 700px) 100vw, 700px\" \/><figcaption class=\"wp-element-caption\">dr Reinald Fa\u00df (2nd from left), Head of Department at BTZ Berlin, and Stefan Moschko (2nd from right), Chairman of the Board of the Berufsf\u00f6rderungswerk Berlin-Brandenburg e. V., letting in the capsule during the laying of the foundation stone. Also in the picture: Stefan Wulff (left) from de<\/figcaption><\/figure>\n\n\n\n<p>The Bundesvereinigung Lebenshilfe e.V. has had an office in the federal capital since April 2009. At that time, she was able to rent office space at Leipziger Platz 15 on favorable terms. With the new building on Thaerstra\u00dfe\/Hermann-Blankenstein-Stra\u00dfe, Lebenshilfe wants to make itself independent of the rapidly increasing rents in Berlin. Ulla Schmidt, Federal Chairwoman of Lebenshilfe, Member of the Bundestag and former Federal Minister D., says: \"60 years after the founding of Lebenshilfe, this is a big investment in our future. We have to have a permanent presence in Berlin and thus in federal politics. This is the only way we can continue to represent the interests of people with disabilities and provide important impetus for an inclusive society in Germany\".<\/p>\n\n\n\n<p>Stefan Moschko, Chairman of the Board of the Berufsf\u00f6rderungswerk Berlin-Brandenburg e. V., and adds: \"We want to assert ourselves as a reliable partner for the vocational rehabilitation of people with mental disabilities at this location and thus continue the long-standing and successful work of the BTZ in a new building. After all, it is about giving this group of people a perspective of employment on the first labor market and enabling them to lead a self-determined life.\"&nbsp;<\/p>\n\n\n\n<p>With cds and Wulff Wohnbau Projekt Thaerstra\u00dfe GmbH as builder and seller, two modern, barrier-free buildings are being built at the S-Bahn station<br>Storkower Strasse. This ensemble is part of the \"Mein Prenzlhain\" district development with a floor area of around 42,000 m\u00b2 for living and working. Of this, 3,600 m\u00b2 will be donated to the Bundesvereinigung Lebenshilfe e. V. and 5,700 m\u00b2 belong to the BTZ Berlin.<\/p>\n\n\n\n<figure class=\"wp-block-image size-full\"><img decoding=\"async\" width=\"700\" height=\"467\" src=\"https:\/\/www.cds-wohnbau.de\/wp-content\/uploads\/2023\/01\/Gruppenbild-Grundsteinlegung_Bild-Bernd-Lammel.jpg\" alt=\"\" class=\"wp-image-1089\" srcset=\"https:\/\/www.cds-wohnbau.de\/wp-content\/uploads\/2023\/01\/Gruppenbild-Grundsteinlegung_Bild-Bernd-Lammel.jpg 700w, https:\/\/www.cds-wohnbau.de\/wp-content\/uploads\/2023\/01\/Gruppenbild-Grundsteinlegung_Bild-Bernd-Lammel-300x200.jpg 300w\" sizes=\"(max-width: 700px) 100vw, 700px\" \/><figcaption class=\"wp-element-caption\">From left: Foreman Andreas Gleitsmann, Stefan Wulff from Otto Wulff Bauunternehmung GmbH, Dr. Reinald Fa\u00df, department head of the BTZ Berlin, Rolf Flathmann, deputy federal chairman of the Lebenshilfe, Ulla Schmidt, MdB, federal chairman of the Le<\/figcaption><\/figure>\n\n\n\n<p><strong>Background of the Federal Association of Lebenshilfe e. V<\/strong><\/p>\n\n\n\n<p>The Lebenshilfe has been supporting people with so-called mental disabilities and their families since 1958. It is a self-help association, a parents' association and a professional association. More than 125,000 members and around 60,000 full-time employees are active in over 500 local and district associations, 16 state associations and more than 4,000 self-help organizations. The goals of the Lebenshilfe are comprehensive participation and inclusion as well as the implementation of the United Nations Convention on the Rights of Persons with Disabilities in Germany. More information in our section&nbsp;<a href=\"https:\/\/www.lebenshilfe.de\/de\/ueber-uns\/index.php\">\"About us\"<\/a><br><br><strong>Background to the Berlin-Brandenburg e. V<\/strong><br><br>The Berlin-Brandenburg e. V. (BFW) has been supporting people with health restrictions for almost 50 years with vocational rehabilitation and reintegration into the first job market. As part of the BFW, the Berlin Vocational Training Center (BTZ) has specialized in people with mental disabilities with the aim of providing them with comprehensive support for equal participation in working life. For this purpose, the BTZ offers a six-week aptitude diagnosis, with which the best possible way back into working life is to be found. The actual vocational training, which lasts up to a year, is intended to enable people with mental disabilities in company structures of so-called training companies to bring their resilience and their mental and technical skills up to the level required by the labor market. More information at&nbsp;<a href=\"http:\/\/www.btz-berlin.com\/\">www.btz-berlin.com<\/a>&nbsp;or under&nbsp;<a href=\"http:\/\/www.bfw-berlin-brandenburg.de\/\">www.bfw-berlin-brandenburg.de<\/a><\/p>\n\n\n\n<p><strong>Background cds and Wulff Projekt Thaerstra\u00dfe GmbH<\/strong><\/p>\n\n\n\n<p>The joint project of cds Wohnbau Berlin GmbH and Otto Wulff<br>Bauunternehmung GmbH makes an important contribution to the urban planning concept of the development area at the \"Alten Schlachthof\" and closes one of the last remaining vacant lots at the site. The district development \"Mein Prenzlhain\" includes the new construction of around 190 rental and owner-occupied apartments with commercial space on the ground floor and another five office buildings with a total floor area of around 42,000 m\u00b2. More information is available at&nbsp;<a href=\"http:\/\/www.mein-prenzlhain.de\/\">www.mein-prenzlhain.de<\/a><\/p>","protected":false},"excerpt":{"rendered":"<p>Grundsteinlegung Bundesvereinigung Lebenshilfe e.V. und Berufliches Trainingszentrum Berlin Neubauten im Prenzlauer Berg werden neues Domizil f\u00fcr zwei soziale Institutionen Berlin.&nbsp;Am Montag, den 14. Mai 2018 fand die feierliche Grundsteinlegung f\u00fcr den Baustart von zwei Geb\u00e4uden im Prenzlauer Berg statt. Im Beisein des Berliner Staatssekret\u00e4rs f\u00fcr Arbeit und Soziales, Alexander Fischer, fiel der Startschuss f\u00fcr die [&hellip;]<\/p>\n","protected":false},"author":2,"featured_media":1087,"comment_status":"closed","ping_status":"closed","sticky":false,"template":"","format":"standard","meta":{"footnotes":""},"categories":[25],"tags":[],"presse-standort":[87],"class_list":["post-1086","post","type-post","status-publish","format-standard","has-post-thumbnail","hentry","category-news","presse-standort-berlin"],"yoast_head":"<!-- This site is optimized with the Yoast SEO plugin v27.4 - https:\/\/yoast.com\/product\/yoast-seo-wordpress\/ -->\n<title>Grundsteinlegung &quot;Mein Prenzlhain&quot; - cds Wohnbau Gruppe | Berlin Frankfurt Hamburg<\/title>\n<meta name=\"description\" content=\"Aktuelle Nachrichten \u00fcber die cds Wohnbau Gruppe\" \/>\n<meta name=\"robots\" content=\"index, follow, max-snippet:-1, max-image-preview:large, max-video-preview:-1\" \/>\n<link rel=\"canonical\" href=\"https:\/\/www.cds-wohnbau.de\/en\/2018\/05\/14\/grundsteinlegung-mein-prenzlhain\/\" \/>\n<meta property=\"og:locale\" content=\"en_US\" \/>\n<meta property=\"og:type\" content=\"article\" \/>\n<meta property=\"og:title\" content=\"Grundsteinlegung &quot;Mein Prenzlhain&quot; - cds Wohnbau Gruppe | Berlin Frankfurt Hamburg\" \/>\n<meta property=\"og:description\" content=\"Aktuelle Nachrichten \u00fcber die cds Wohnbau Gruppe\" \/>\n<meta property=\"og:url\" content=\"https:\/\/www.cds-wohnbau.de\/en\/2018\/05\/14\/grundsteinlegung-mein-prenzlhain\/\" \/>\n<meta property=\"og:site_name\" content=\"cds Wohnbau Gruppe\" \/>\n<meta property=\"article:published_time\" content=\"2018-05-14T08:42:00+00:00\" \/>\n<meta property=\"article:modified_time\" content=\"2023-01-19T13:22:47+00:00\" \/>\n<meta property=\"og:image\" content=\"https:\/\/www.cds-wohnbau.de\/wp-content\/uploads\/2023\/01\/Grundstein-Lebenshilfe2_Bild-Bernd-Lammel_internet.jpg\" \/>\n\t<meta property=\"og:image:width\" content=\"700\" \/>\n\t<meta property=\"og:image:height\" content=\"467\" \/>\n\t<meta property=\"og:image:type\" content=\"image\/jpeg\" \/>\n<meta name=\"author\" content=\"b2ku\" \/>\n<meta name=\"twitter:card\" content=\"summary_large_image\" \/>\n<meta name=\"twitter:label1\" content=\"Written by\" \/>\n\t<meta name=\"twitter:data1\" content=\"b2ku\" \/>\n\t<meta name=\"twitter:label2\" content=\"Est. reading time\" \/>\n\t<meta name=\"twitter:data2\" content=\"4 minutes\" \/>\n<script type=\"application\/ld+json\" class=\"yoast-schema-graph\">{\"@context\":\"https:\\\/\\\/schema.org\",\"@graph\":[{\"@type\":\"Article\",\"@id\":\"https:\\\/\\\/www.cds-wohnbau.de\\\/2018\\\/05\\\/14\\\/grundsteinlegung-mein-prenzlhain\\\/#article\",\"isPartOf\":{\"@id\":\"https:\\\/\\\/www.cds-wohnbau.de\\\/2018\\\/05\\\/14\\\/grundsteinlegung-mein-prenzlhain\\\/\"},\"author\":{\"name\":\"b2ku\",\"@id\":\"https:\\\/\\\/www.cds-wohnbau.de\\\/#\\\/schema\\\/person\\\/f5877773c9c4ff537ad8c16f4f987135\"},\"headline\":\"Grundsteinlegung &#8222;Mein Prenzlhain&#8220;\",\"datePublished\":\"2018-05-14T08:42:00+00:00\",\"dateModified\":\"2023-01-19T13:22:47+00:00\",\"mainEntityOfPage\":{\"@id\":\"https:\\\/\\\/www.cds-wohnbau.de\\\/2018\\\/05\\\/14\\\/grundsteinlegung-mein-prenzlhain\\\/\"},\"wordCount\":808,\"publisher\":{\"@id\":\"https:\\\/\\\/www.cds-wohnbau.de\\\/#organization\"},\"image\":{\"@id\":\"https:\\\/\\\/www.cds-wohnbau.de\\\/2018\\\/05\\\/14\\\/grundsteinlegung-mein-prenzlhain\\\/#primaryimage\"},\"thumbnailUrl\":\"https:\\\/\\\/www.cds-wohnbau.de\\\/wp-content\\\/uploads\\\/2023\\\/01\\\/Grundstein-Lebenshilfe2_Bild-Bernd-Lammel_internet.jpg\",\"articleSection\":[\"News\"],\"inLanguage\":\"en-US\"},{\"@type\":\"WebPage\",\"@id\":\"https:\\\/\\\/www.cds-wohnbau.de\\\/2018\\\/05\\\/14\\\/grundsteinlegung-mein-prenzlhain\\\/\",\"url\":\"https:\\\/\\\/www.cds-wohnbau.de\\\/2018\\\/05\\\/14\\\/grundsteinlegung-mein-prenzlhain\\\/\",\"name\":\"Grundsteinlegung \\\"Mein Prenzlhain\\\" - cds Wohnbau Gruppe | Berlin Frankfurt Hamburg\",\"isPartOf\":{\"@id\":\"https:\\\/\\\/www.cds-wohnbau.de\\\/#website\"},\"primaryImageOfPage\":{\"@id\":\"https:\\\/\\\/www.cds-wohnbau.de\\\/2018\\\/05\\\/14\\\/grundsteinlegung-mein-prenzlhain\\\/#primaryimage\"},\"image\":{\"@id\":\"https:\\\/\\\/www.cds-wohnbau.de\\\/2018\\\/05\\\/14\\\/grundsteinlegung-mein-prenzlhain\\\/#primaryimage\"},\"thumbnailUrl\":\"https:\\\/\\\/www.cds-wohnbau.de\\\/wp-content\\\/uploads\\\/2023\\\/01\\\/Grundstein-Lebenshilfe2_Bild-Bernd-Lammel_internet.jpg\",\"datePublished\":\"2018-05-14T08:42:00+00:00\",\"dateModified\":\"2023-01-19T13:22:47+00:00\",\"description\":\"Aktuelle Nachrichten \u00fcber die cds Wohnbau Gruppe\",\"breadcrumb\":{\"@id\":\"https:\\\/\\\/www.cds-wohnbau.de\\\/2018\\\/05\\\/14\\\/grundsteinlegung-mein-prenzlhain\\\/#breadcrumb\"},\"inLanguage\":\"en-US\",\"potentialAction\":[{\"@type\":\"ReadAction\",\"target\":[\"https:\\\/\\\/www.cds-wohnbau.de\\\/2018\\\/05\\\/14\\\/grundsteinlegung-mein-prenzlhain\\\/\"]}]},{\"@type\":\"ImageObject\",\"inLanguage\":\"en-US\",\"@id\":\"https:\\\/\\\/www.cds-wohnbau.de\\\/2018\\\/05\\\/14\\\/grundsteinlegung-mein-prenzlhain\\\/#primaryimage\",\"url\":\"https:\\\/\\\/www.cds-wohnbau.de\\\/wp-content\\\/uploads\\\/2023\\\/01\\\/Grundstein-Lebenshilfe2_Bild-Bernd-Lammel_internet.jpg\",\"contentUrl\":\"https:\\\/\\\/www.cds-wohnbau.de\\\/wp-content\\\/uploads\\\/2023\\\/01\\\/Grundstein-Lebenshilfe2_Bild-Bernd-Lammel_internet.jpg\",\"width\":700,\"height\":467},{\"@type\":\"BreadcrumbList\",\"@id\":\"https:\\\/\\\/www.cds-wohnbau.de\\\/2018\\\/05\\\/14\\\/grundsteinlegung-mein-prenzlhain\\\/#breadcrumb\",\"itemListElement\":[{\"@type\":\"ListItem\",\"position\":1,\"name\":\"Home\",\"item\":\"https:\\\/\\\/www.cds-wohnbau.de\\\/\"},{\"@type\":\"ListItem\",\"position\":2,\"name\":\"Grundsteinlegung &#8222;Mein Prenzlhain&#8220;\"}]},{\"@type\":\"WebSite\",\"@id\":\"https:\\\/\\\/www.cds-wohnbau.de\\\/#website\",\"url\":\"https:\\\/\\\/www.cds-wohnbau.de\\\/\",\"name\":\"cds Wohnbau Gruppe\",\"description\":\"Berlin Frankfurt Hamburg\",\"publisher\":{\"@id\":\"https:\\\/\\\/www.cds-wohnbau.de\\\/#organization\"},\"potentialAction\":[{\"@type\":\"SearchAction\",\"target\":{\"@type\":\"EntryPoint\",\"urlTemplate\":\"https:\\\/\\\/www.cds-wohnbau.de\\\/?s={search_term_string}\"},\"query-input\":{\"@type\":\"PropertyValueSpecification\",\"valueRequired\":true,\"valueName\":\"search_term_string\"}}],\"inLanguage\":\"en-US\"},{\"@type\":\"Organization\",\"@id\":\"https:\\\/\\\/www.cds-wohnbau.de\\\/#organization\",\"name\":\"cds Wohnbau Gruppe\",\"url\":\"https:\\\/\\\/www.cds-wohnbau.de\\\/\",\"logo\":{\"@type\":\"ImageObject\",\"inLanguage\":\"en-US\",\"@id\":\"https:\\\/\\\/www.cds-wohnbau.de\\\/#\\\/schema\\\/logo\\\/image\\\/\",\"url\":\"https:\\\/\\\/www.cds-wohnbau.de\\\/wp-content\\\/uploads\\\/2022\\\/10\\\/logo.png\",\"contentUrl\":\"https:\\\/\\\/www.cds-wohnbau.de\\\/wp-content\\\/uploads\\\/2022\\\/10\\\/logo.png\",\"width\":246,\"height\":78,\"caption\":\"cds Wohnbau Gruppe\"},\"image\":{\"@id\":\"https:\\\/\\\/www.cds-wohnbau.de\\\/#\\\/schema\\\/logo\\\/image\\\/\"}},{\"@type\":\"Person\",\"@id\":\"https:\\\/\\\/www.cds-wohnbau.de\\\/#\\\/schema\\\/person\\\/f5877773c9c4ff537ad8c16f4f987135\",\"name\":\"b2ku\",\"image\":{\"@type\":\"ImageObject\",\"inLanguage\":\"en-US\",\"@id\":\"https:\\\/\\\/secure.gravatar.com\\\/avatar\\\/b98645969bfc25f4d559359aea1ea3514e7297efc52cadb506c0f1e3cdf5daeb?s=96&d=mm&r=g\",\"url\":\"https:\\\/\\\/secure.gravatar.com\\\/avatar\\\/b98645969bfc25f4d559359aea1ea3514e7297efc52cadb506c0f1e3cdf5daeb?s=96&d=mm&r=g\",\"contentUrl\":\"https:\\\/\\\/secure.gravatar.com\\\/avatar\\\/b98645969bfc25f4d559359aea1ea3514e7297efc52cadb506c0f1e3cdf5daeb?s=96&d=mm&r=g\",\"caption\":\"b2ku\"},\"url\":\"https:\\\/\\\/www.cds-wohnbau.de\\\/en\\\/author\\\/b2ku\\\/\"}]}<\/script>\n<!-- \/ Yoast SEO plugin. -->","yoast_head_json":{"title":"Grundsteinlegung \"Mein Prenzlhain\" - cds Wohnbau Gruppe | Berlin Frankfurt Hamburg","description":"Aktuelle Nachrichten \u00fcber die cds Wohnbau Gruppe","robots":{"index":"index","follow":"follow","max-snippet":"max-snippet:-1","max-image-preview":"max-image-preview:large","max-video-preview":"max-video-preview:-1"},"canonical":"https:\/\/www.cds-wohnbau.de\/en\/2018\/05\/14\/grundsteinlegung-mein-prenzlhain\/","og_locale":"en_US","og_type":"article","og_title":"Grundsteinlegung \"Mein Prenzlhain\" - cds Wohnbau Gruppe | Berlin Frankfurt Hamburg","og_description":"Aktuelle Nachrichten \u00fcber die cds Wohnbau Gruppe","og_url":"https:\/\/www.cds-wohnbau.de\/en\/2018\/05\/14\/grundsteinlegung-mein-prenzlhain\/","og_site_name":"cds Wohnbau Gruppe","article_published_time":"2018-05-14T08:42:00+00:00","article_modified_time":"2023-01-19T13:22:47+00:00","og_image":[{"width":700,"height":467,"url":"https:\/\/www.cds-wohnbau.de\/wp-content\/uploads\/2023\/01\/Grundstein-Lebenshilfe2_Bild-Bernd-Lammel_internet.jpg","type":"image\/jpeg"}],"author":"b2ku","twitter_card":"summary_large_image","twitter_misc":{"Written by":"b2ku","Est. reading time":"4 minutes"},"schema":{"@context":"https:\/\/schema.org","@graph":[{"@type":"Article","@id":"https:\/\/www.cds-wohnbau.de\/2018\/05\/14\/grundsteinlegung-mein-prenzlhain\/#article","isPartOf":{"@id":"https:\/\/www.cds-wohnbau.de\/2018\/05\/14\/grundsteinlegung-mein-prenzlhain\/"},"author":{"name":"b2ku","@id":"https:\/\/www.cds-wohnbau.de\/#\/schema\/person\/f5877773c9c4ff537ad8c16f4f987135"},"headline":"Grundsteinlegung &#8222;Mein Prenzlhain&#8220;","datePublished":"2018-05-14T08:42:00+00:00","dateModified":"2023-01-19T13:22:47+00:00","mainEntityOfPage":{"@id":"https:\/\/www.cds-wohnbau.de\/2018\/05\/14\/grundsteinlegung-mein-prenzlhain\/"},"wordCount":808,"publisher":{"@id":"https:\/\/www.cds-wohnbau.de\/#organization"},"image":{"@id":"https:\/\/www.cds-wohnbau.de\/2018\/05\/14\/grundsteinlegung-mein-prenzlhain\/#primaryimage"},"thumbnailUrl":"https:\/\/www.cds-wohnbau.de\/wp-content\/uploads\/2023\/01\/Grundstein-Lebenshilfe2_Bild-Bernd-Lammel_internet.jpg","articleSection":["News"],"inLanguage":"en-US"},{"@type":"WebPage","@id":"https:\/\/www.cds-wohnbau.de\/2018\/05\/14\/grundsteinlegung-mein-prenzlhain\/","url":"https:\/\/www.cds-wohnbau.de\/2018\/05\/14\/grundsteinlegung-mein-prenzlhain\/","name":"Grundsteinlegung \"Mein Prenzlhain\" - cds Wohnbau Gruppe | Berlin Frankfurt Hamburg","isPartOf":{"@id":"https:\/\/www.cds-wohnbau.de\/#website"},"primaryImageOfPage":{"@id":"https:\/\/www.cds-wohnbau.de\/2018\/05\/14\/grundsteinlegung-mein-prenzlhain\/#primaryimage"},"image":{"@id":"https:\/\/www.cds-wohnbau.de\/2018\/05\/14\/grundsteinlegung-mein-prenzlhain\/#primaryimage"},"thumbnailUrl":"https:\/\/www.cds-wohnbau.de\/wp-content\/uploads\/2023\/01\/Grundstein-Lebenshilfe2_Bild-Bernd-Lammel_internet.jpg","datePublished":"2018-05-14T08:42:00+00:00","dateModified":"2023-01-19T13:22:47+00:00","description":"Aktuelle Nachrichten \u00fcber die cds Wohnbau Gruppe","breadcrumb":{"@id":"https:\/\/www.cds-wohnbau.de\/2018\/05\/14\/grundsteinlegung-mein-prenzlhain\/#breadcrumb"},"inLanguage":"en-US","potentialAction":[{"@type":"ReadAction","target":["https:\/\/www.cds-wohnbau.de\/2018\/05\/14\/grundsteinlegung-mein-prenzlhain\/"]}]},{"@type":"ImageObject","inLanguage":"en-US","@id":"https:\/\/www.cds-wohnbau.de\/2018\/05\/14\/grundsteinlegung-mein-prenzlhain\/#primaryimage","url":"https:\/\/www.cds-wohnbau.de\/wp-content\/uploads\/2023\/01\/Grundstein-Lebenshilfe2_Bild-Bernd-Lammel_internet.jpg","contentUrl":"https:\/\/www.cds-wohnbau.de\/wp-content\/uploads\/2023\/01\/Grundstein-Lebenshilfe2_Bild-Bernd-Lammel_internet.jpg","width":700,"height":467},{"@type":"BreadcrumbList","@id":"https:\/\/www.cds-wohnbau.de\/2018\/05\/14\/grundsteinlegung-mein-prenzlhain\/#breadcrumb","itemListElement":[{"@type":"ListItem","position":1,"name":"Home","item":"https:\/\/www.cds-wohnbau.de\/"},{"@type":"ListItem","position":2,"name":"Grundsteinlegung &#8222;Mein Prenzlhain&#8220;"}]},{"@type":"WebSite","@id":"https:\/\/www.cds-wohnbau.de\/#website","url":"https:\/\/www.cds-wohnbau.de\/","name":"cds Wohnbau Group","description":"Berlin Frankfurt Hamburg","publisher":{"@id":"https:\/\/www.cds-wohnbau.de\/#organization"},"potentialAction":[{"@type":"SearchAction","target":{"@type":"EntryPoint","urlTemplate":"https:\/\/www.cds-wohnbau.de\/?s={search_term_string}"},"query-input":{"@type":"PropertyValueSpecification","valueRequired":true,"valueName":"search_term_string"}}],"inLanguage":"en-US"},{"@type":"Organization","@id":"https:\/\/www.cds-wohnbau.de\/#organization","name":"cds Wohnbau Group","url":"https:\/\/www.cds-wohnbau.de\/","logo":{"@type":"ImageObject","inLanguage":"en-US","@id":"https:\/\/www.cds-wohnbau.de\/#\/schema\/logo\/image\/","url":"https:\/\/www.cds-wohnbau.de\/wp-content\/uploads\/2022\/10\/logo.png","contentUrl":"https:\/\/www.cds-wohnbau.de\/wp-content\/uploads\/2022\/10\/logo.png","width":246,"height":78,"caption":"cds Wohnbau Gruppe"},"image":{"@id":"https:\/\/www.cds-wohnbau.de\/#\/schema\/logo\/image\/"}},{"@type":"Person","@id":"https:\/\/www.cds-wohnbau.de\/#\/schema\/person\/f5877773c9c4ff537ad8c16f4f987135","name":"b2ku","image":{"@type":"ImageObject","inLanguage":"en-US","@id":"https:\/\/secure.gravatar.com\/avatar\/b98645969bfc25f4d559359aea1ea3514e7297efc52cadb506c0f1e3cdf5daeb?s=96&d=mm&r=g","url":"https:\/\/secure.gravatar.com\/avatar\/b98645969bfc25f4d559359aea1ea3514e7297efc52cadb506c0f1e3cdf5daeb?s=96&d=mm&r=g","contentUrl":"https:\/\/secure.gravatar.com\/avatar\/b98645969bfc25f4d559359aea1ea3514e7297efc52cadb506c0f1e3cdf5daeb?s=96&d=mm&r=g","caption":"b2ku"},"url":"https:\/\/www.cds-wohnbau.de\/en\/author\/b2ku\/"}]}},"_links":{"self":[{"href":"https:\/\/www.cds-wohnbau.de\/en\/wp-json\/wp\/v2\/posts\/1086","targetHints":{"allow":["GET"]}}],"collection":[{"href":"https:\/\/www.cds-wohnbau.de\/en\/wp-json\/wp\/v2\/posts"}],"about":[{"href":"https:\/\/www.cds-wohnbau.de\/en\/wp-json\/wp\/v2\/types\/post"}],"author":[{"embeddable":true,"href":"https:\/\/www.cds-wohnbau.de\/en\/wp-json\/wp\/v2\/users\/2"}],"replies":[{"embeddable":true,"href":"https:\/\/www.cds-wohnbau.de\/en\/wp-json\/wp\/v2\/comments?post=1086"}],"version-history":[{"count":1,"href":"https:\/\/www.cds-wohnbau.de\/en\/wp-json\/wp\/v2\/posts\/1086\/revisions"}],"predecessor-version":[{"id":1090,"href":"https:\/\/www.cds-wohnbau.de\/en\/wp-json\/wp\/v2\/posts\/1086\/revisions\/1090"}],"wp:featuredmedia":[{"embeddable":true,"href":"https:\/\/www.cds-wohnbau.de\/en\/wp-json\/wp\/v2\/media\/1087"}],"wp:attachment":[{"href":"https:\/\/www.cds-wohnbau.de\/en\/wp-json\/wp\/v2\/media?parent=1086"}],"wp:term":[{"taxonomy":"category","embeddable":true,"href":"https:\/\/www.cds-wohnbau.de\/en\/wp-json\/wp\/v2\/categories?post=1086"},{"taxonomy":"post_tag","embeddable":true,"href":"https:\/\/www.cds-wohnbau.de\/en\/wp-json\/wp\/v2\/tags?post=1086"},{"taxonomy":"presse-standort","embeddable":true,"href":"https:\/\/www.cds-wohnbau.de\/en\/wp-json\/wp\/v2\/presse-standort?post=1086"}],"curies":[{"name":"wp","href":"https:\/\/api.w.org\/{rel}","templated":true}]}}