{"id":3720,"date":"2024-07-17T11:05:46","date_gmt":"2024-07-17T09:05:46","guid":{"rendered":"https:\/\/www.cds-wohnbau.de\/?p=3720"},"modified":"2024-07-17T13:25:51","modified_gmt":"2024-07-17T11:25:51","slug":"startschuss-zum-verkauf-in-langen-langliebig-jetzt-vormerken-lassen","status":"publish","type":"post","link":"https:\/\/www.cds-wohnbau.de\/en\/2024\/07\/17\/startschuss-zum-verkauf-in-langen-langliebig-jetzt-vormerken-lassen\/","title":{"rendered":"Startschuss zum Verkauf in Langen \u201elangliebig\u201c. Jetzt vormerken lassen"},"content":{"rendered":"<p>Wir freuen uns, Ihnen mitteilen zu k\u00f6nnen, dass der Vertriebsstart erfolgt ist und bereits \u00fcber 80 % der H\u00e4user in unserem attraktiven Wohnprojekt \u201elangliebig\u201c in Langen reserviert sind. Die Vorbereitungen f\u00fcr den Baubeginn laufen auf Hochtouren.&nbsp;<\/p>\n\n\n\n<figure class=\"wp-block-gallery has-nested-images columns-default is-cropped wp-block-gallery-1 is-layout-flex wp-block-gallery-is-layout-flex\">\n<figure class=\"wp-block-image size-full\"><img fetchpriority=\"high\" decoding=\"async\" width=\"2560\" height=\"1815\" data-id=\"3729\" src=\"https:\/\/www.cds-wohnbau.de\/wp-content\/uploads\/2024\/07\/Langen_4BA_Vertriebsstart-1-scaled.jpg\" alt=\"\" class=\"wp-image-3729\" srcset=\"https:\/\/www.cds-wohnbau.de\/wp-content\/uploads\/2024\/07\/Langen_4BA_Vertriebsstart-1-scaled.jpg 2560w, https:\/\/www.cds-wohnbau.de\/wp-content\/uploads\/2024\/07\/Langen_4BA_Vertriebsstart-1-300x213.jpg 300w, https:\/\/www.cds-wohnbau.de\/wp-content\/uploads\/2024\/07\/Langen_4BA_Vertriebsstart-1-1024x726.jpg 1024w, https:\/\/www.cds-wohnbau.de\/wp-content\/uploads\/2024\/07\/Langen_4BA_Vertriebsstart-1-768x545.jpg 768w, https:\/\/www.cds-wohnbau.de\/wp-content\/uploads\/2024\/07\/Langen_4BA_Vertriebsstart-1-1536x1089.jpg 1536w, https:\/\/www.cds-wohnbau.de\/wp-content\/uploads\/2024\/07\/Langen_4BA_Vertriebsstart-1-2048x1452.jpg 2048w, https:\/\/www.cds-wohnbau.de\/wp-content\/uploads\/2024\/07\/Langen_4BA_Vertriebsstart-1-18x12.jpg 18w\" sizes=\"(max-width: 2560px) 100vw, 2560px\" \/><\/figure>\n<\/figure>\n\n\n\n<p>Sichern Sie sich die M\u00f6glichkeit aus verschiedenen Grundrissvarianten zu w\u00e4hlen. Wir beraten Sie gerne<\/p>\n\n\n\n<p><strong>Entdecken Sie die Vorteile des Wohnens in \u201elangliebig\u201c:<\/strong>&nbsp;<\/p>\n\n\n\n<ul class=\"wp-block-list\">\n<li>Schl\u00fcsselfertige Massivh\u00e4user zum Festpreis<\/li>\n\n\n\n<li>Full basement<\/li>\n\n\n\n<li>South-facing roof terrace<\/li>\n\n\n\n<li>Hochwertige Materialien (Echtholzparkett, 3-fach Verglasung, uvm.)<\/li>\n\n\n\n<li>Offener Wohn-Essbereich<\/li>\n\n\n\n<li>Provisionsfrei &#8211; direkt vom Bautr\u00e4ger<\/li>\n<\/ul>\n\n\n\n<p><\/p>\n\n\n\n<p>F\u00fcr alle wichtigen Fragen zum Projekt steht Ihnen unser Ansprechpartner pers\u00f6nlich f\u00fcr ein direktes Gespr\u00e4ch zur Verf\u00fcgung.&nbsp;<\/p>\n\n\n\n<p>Ansprechpartner: Herr Link<\/p>\n\n\n\n<p>Make an appointment for a consultation by phone&nbsp;<strong>069\/ 6897477 -13<\/strong><\/p>\n\n\n\n<figure class=\"wp-block-image size-large\"><img decoding=\"async\" width=\"1024\" height=\"170\" src=\"https:\/\/www.cds-wohnbau.de\/wp-content\/uploads\/2024\/07\/Langen_4BA_Logo-1024x170.jpg\" alt=\"\" class=\"wp-image-3722\" srcset=\"https:\/\/www.cds-wohnbau.de\/wp-content\/uploads\/2024\/07\/Langen_4BA_Logo-1024x170.jpg 1024w, https:\/\/www.cds-wohnbau.de\/wp-content\/uploads\/2024\/07\/Langen_4BA_Logo-300x50.jpg 300w, https:\/\/www.cds-wohnbau.de\/wp-content\/uploads\/2024\/07\/Langen_4BA_Logo-768x128.jpg 768w, https:\/\/www.cds-wohnbau.de\/wp-content\/uploads\/2024\/07\/Langen_4BA_Logo-1536x256.jpg 1536w, https:\/\/www.cds-wohnbau.de\/wp-content\/uploads\/2024\/07\/Langen_4BA_Logo-2048x341.jpg 2048w, https:\/\/www.cds-wohnbau.de\/wp-content\/uploads\/2024\/07\/Langen_4BA_Logo-18x3.jpg 18w\" sizes=\"(max-width: 1024px) 100vw, 1024px\" \/><\/figure>","protected":false},"excerpt":{"rendered":"<p>Vereinbaren Sie Ihren Beratungstermin.<\/p>","protected":false},"author":5,"featured_media":3729,"comment_status":"open","ping_status":"open","sticky":false,"template":"","format":"standard","meta":{"footnotes":""},"categories":[25,28],"tags":[],"presse-standort":[89],"class_list":["post-3720","post","type-post","status-publish","format-standard","has-post-thumbnail","hentry","category-news","category-presse","presse-standort-frankfurt"],"yoast_head":"<!-- This site is optimized with the Yoast SEO plugin v27.5 - https:\/\/yoast.com\/product\/yoast-seo-wordpress\/ -->\n<title>Startschuss zum Verkauf in Langen \u201elangliebig\u201c. Jetzt vormerken lassen - cds Wohnbau Gruppe | Berlin Frankfurt Hamburg<\/title>\n<meta name=\"description\" content=\"Aktuelle Nachrichten \u00fcber die cds Wohnbau Gruppe\" \/>\n<meta name=\"robots\" content=\"index, follow, max-snippet:-1, max-image-preview:large, max-video-preview:-1\" \/>\n<link rel=\"canonical\" href=\"https:\/\/www.cds-wohnbau.de\/en\/2024\/07\/17\/startschuss-zum-verkauf-in-langen-langliebig-jetzt-vormerken-lassen\/\" \/>\n<meta property=\"og:locale\" content=\"en_US\" \/>\n<meta property=\"og:type\" content=\"article\" \/>\n<meta property=\"og:title\" content=\"Startschuss zum Verkauf in Langen \u201elangliebig\u201c. Jetzt vormerken lassen - cds Wohnbau Gruppe | Berlin Frankfurt Hamburg\" \/>\n<meta property=\"og:description\" content=\"Aktuelle Nachrichten \u00fcber die cds Wohnbau Gruppe\" \/>\n<meta property=\"og:url\" content=\"https:\/\/www.cds-wohnbau.de\/en\/2024\/07\/17\/startschuss-zum-verkauf-in-langen-langliebig-jetzt-vormerken-lassen\/\" \/>\n<meta property=\"og:site_name\" content=\"cds Wohnbau Gruppe\" \/>\n<meta property=\"article:published_time\" content=\"2024-07-17T09:05:46+00:00\" \/>\n<meta property=\"article:modified_time\" content=\"2024-07-17T11:25:51+00:00\" \/>\n<meta property=\"og:image\" content=\"https:\/\/www.cds-wohnbau.de\/wp-content\/uploads\/2024\/07\/Langen_4BA_Vertriebsstart-1-scaled.jpg\" \/>\n\t<meta property=\"og:image:width\" content=\"2560\" \/>\n\t<meta property=\"og:image:height\" content=\"1815\" \/>\n\t<meta property=\"og:image:type\" content=\"image\/jpeg\" \/>\n<meta name=\"author\" content=\"Sabine Frank\" \/>\n<meta name=\"twitter:card\" content=\"summary_large_image\" \/>\n<meta name=\"twitter:label1\" content=\"Written by\" \/>\n\t<meta name=\"twitter:data1\" content=\"Sabine Frank\" \/>\n\t<meta name=\"twitter:label2\" content=\"Est. reading time\" \/>\n\t<meta name=\"twitter:data2\" content=\"2 minutes\" \/>\n<script type=\"application\/ld+json\" class=\"yoast-schema-graph\">{\"@context\":\"https:\\\/\\\/schema.org\",\"@graph\":[{\"@type\":\"Article\",\"@id\":\"https:\\\/\\\/www.cds-wohnbau.de\\\/2024\\\/07\\\/17\\\/startschuss-zum-verkauf-in-langen-langliebig-jetzt-vormerken-lassen\\\/#article\",\"isPartOf\":{\"@id\":\"https:\\\/\\\/www.cds-wohnbau.de\\\/2024\\\/07\\\/17\\\/startschuss-zum-verkauf-in-langen-langliebig-jetzt-vormerken-lassen\\\/\"},\"author\":{\"name\":\"Sabine Frank\",\"@id\":\"https:\\\/\\\/www.cds-wohnbau.de\\\/#\\\/schema\\\/person\\\/f36fb5aaf4cf6fa010c47285e45a0cfd\"},\"headline\":\"Startschuss zum Verkauf in Langen \u201elangliebig\u201c. Jetzt vormerken lassen\",\"datePublished\":\"2024-07-17T09:05:46+00:00\",\"dateModified\":\"2024-07-17T11:25:51+00:00\",\"mainEntityOfPage\":{\"@id\":\"https:\\\/\\\/www.cds-wohnbau.de\\\/2024\\\/07\\\/17\\\/startschuss-zum-verkauf-in-langen-langliebig-jetzt-vormerken-lassen\\\/\"},\"wordCount\":132,\"commentCount\":0,\"publisher\":{\"@id\":\"https:\\\/\\\/www.cds-wohnbau.de\\\/#organization\"},\"image\":{\"@id\":\"https:\\\/\\\/www.cds-wohnbau.de\\\/2024\\\/07\\\/17\\\/startschuss-zum-verkauf-in-langen-langliebig-jetzt-vormerken-lassen\\\/#primaryimage\"},\"thumbnailUrl\":\"https:\\\/\\\/www.cds-wohnbau.de\\\/wp-content\\\/uploads\\\/2024\\\/07\\\/Langen_4BA_Vertriebsstart-1-scaled.jpg\",\"articleSection\":[\"News\",\"Presse\"],\"inLanguage\":\"en-US\",\"potentialAction\":[{\"@type\":\"CommentAction\",\"name\":\"Comment\",\"target\":[\"https:\\\/\\\/www.cds-wohnbau.de\\\/2024\\\/07\\\/17\\\/startschuss-zum-verkauf-in-langen-langliebig-jetzt-vormerken-lassen\\\/#respond\"]}]},{\"@type\":\"WebPage\",\"@id\":\"https:\\\/\\\/www.cds-wohnbau.de\\\/2024\\\/07\\\/17\\\/startschuss-zum-verkauf-in-langen-langliebig-jetzt-vormerken-lassen\\\/\",\"url\":\"https:\\\/\\\/www.cds-wohnbau.de\\\/2024\\\/07\\\/17\\\/startschuss-zum-verkauf-in-langen-langliebig-jetzt-vormerken-lassen\\\/\",\"name\":\"Startschuss zum Verkauf in Langen \u201elangliebig\u201c. Jetzt vormerken lassen - cds Wohnbau Gruppe | Berlin Frankfurt Hamburg\",\"isPartOf\":{\"@id\":\"https:\\\/\\\/www.cds-wohnbau.de\\\/#website\"},\"primaryImageOfPage\":{\"@id\":\"https:\\\/\\\/www.cds-wohnbau.de\\\/2024\\\/07\\\/17\\\/startschuss-zum-verkauf-in-langen-langliebig-jetzt-vormerken-lassen\\\/#primaryimage\"},\"image\":{\"@id\":\"https:\\\/\\\/www.cds-wohnbau.de\\\/2024\\\/07\\\/17\\\/startschuss-zum-verkauf-in-langen-langliebig-jetzt-vormerken-lassen\\\/#primaryimage\"},\"thumbnailUrl\":\"https:\\\/\\\/www.cds-wohnbau.de\\\/wp-content\\\/uploads\\\/2024\\\/07\\\/Langen_4BA_Vertriebsstart-1-scaled.jpg\",\"datePublished\":\"2024-07-17T09:05:46+00:00\",\"dateModified\":\"2024-07-17T11:25:51+00:00\",\"description\":\"Aktuelle Nachrichten \u00fcber die cds Wohnbau Gruppe\",\"breadcrumb\":{\"@id\":\"https:\\\/\\\/www.cds-wohnbau.de\\\/2024\\\/07\\\/17\\\/startschuss-zum-verkauf-in-langen-langliebig-jetzt-vormerken-lassen\\\/#breadcrumb\"},\"inLanguage\":\"en-US\",\"potentialAction\":[{\"@type\":\"ReadAction\",\"target\":[\"https:\\\/\\\/www.cds-wohnbau.de\\\/2024\\\/07\\\/17\\\/startschuss-zum-verkauf-in-langen-langliebig-jetzt-vormerken-lassen\\\/\"]}]},{\"@type\":\"ImageObject\",\"inLanguage\":\"en-US\",\"@id\":\"https:\\\/\\\/www.cds-wohnbau.de\\\/2024\\\/07\\\/17\\\/startschuss-zum-verkauf-in-langen-langliebig-jetzt-vormerken-lassen\\\/#primaryimage\",\"url\":\"https:\\\/\\\/www.cds-wohnbau.de\\\/wp-content\\\/uploads\\\/2024\\\/07\\\/Langen_4BA_Vertriebsstart-1-scaled.jpg\",\"contentUrl\":\"https:\\\/\\\/www.cds-wohnbau.de\\\/wp-content\\\/uploads\\\/2024\\\/07\\\/Langen_4BA_Vertriebsstart-1-scaled.jpg\",\"width\":2560,\"height\":1815},{\"@type\":\"BreadcrumbList\",\"@id\":\"https:\\\/\\\/www.cds-wohnbau.de\\\/2024\\\/07\\\/17\\\/startschuss-zum-verkauf-in-langen-langliebig-jetzt-vormerken-lassen\\\/#breadcrumb\",\"itemListElement\":[{\"@type\":\"ListItem\",\"position\":1,\"name\":\"Home\",\"item\":\"https:\\\/\\\/www.cds-wohnbau.de\\\/\"},{\"@type\":\"ListItem\",\"position\":2,\"name\":\"Startschuss zum Verkauf in Langen \u201elangliebig\u201c. Jetzt vormerken lassen\"}]},{\"@type\":\"WebSite\",\"@id\":\"https:\\\/\\\/www.cds-wohnbau.de\\\/#website\",\"url\":\"https:\\\/\\\/www.cds-wohnbau.de\\\/\",\"name\":\"cds Wohnbau Gruppe\",\"description\":\"Berlin Frankfurt Hamburg\",\"publisher\":{\"@id\":\"https:\\\/\\\/www.cds-wohnbau.de\\\/#organization\"},\"potentialAction\":[{\"@type\":\"SearchAction\",\"target\":{\"@type\":\"EntryPoint\",\"urlTemplate\":\"https:\\\/\\\/www.cds-wohnbau.de\\\/?s={search_term_string}\"},\"query-input\":{\"@type\":\"PropertyValueSpecification\",\"valueRequired\":true,\"valueName\":\"search_term_string\"}}],\"inLanguage\":\"en-US\"},{\"@type\":\"Organization\",\"@id\":\"https:\\\/\\\/www.cds-wohnbau.de\\\/#organization\",\"name\":\"cds Wohnbau Gruppe\",\"url\":\"https:\\\/\\\/www.cds-wohnbau.de\\\/\",\"logo\":{\"@type\":\"ImageObject\",\"inLanguage\":\"en-US\",\"@id\":\"https:\\\/\\\/www.cds-wohnbau.de\\\/#\\\/schema\\\/logo\\\/image\\\/\",\"url\":\"https:\\\/\\\/www.cds-wohnbau.de\\\/wp-content\\\/uploads\\\/2022\\\/10\\\/logo.png\",\"contentUrl\":\"https:\\\/\\\/www.cds-wohnbau.de\\\/wp-content\\\/uploads\\\/2022\\\/10\\\/logo.png\",\"width\":246,\"height\":78,\"caption\":\"cds Wohnbau Gruppe\"},\"image\":{\"@id\":\"https:\\\/\\\/www.cds-wohnbau.de\\\/#\\\/schema\\\/logo\\\/image\\\/\"}},{\"@type\":\"Person\",\"@id\":\"https:\\\/\\\/www.cds-wohnbau.de\\\/#\\\/schema\\\/person\\\/f36fb5aaf4cf6fa010c47285e45a0cfd\",\"name\":\"Sabine Frank\",\"image\":{\"@type\":\"ImageObject\",\"inLanguage\":\"en-US\",\"@id\":\"https:\\\/\\\/secure.gravatar.com\\\/avatar\\\/5c7ffb6d2aa81569253053c703a2a0cbf2340b2128d121ce0a76935aa869918c?s=96&d=mm&r=g\",\"url\":\"https:\\\/\\\/secure.gravatar.com\\\/avatar\\\/5c7ffb6d2aa81569253053c703a2a0cbf2340b2128d121ce0a76935aa869918c?s=96&d=mm&r=g\",\"contentUrl\":\"https:\\\/\\\/secure.gravatar.com\\\/avatar\\\/5c7ffb6d2aa81569253053c703a2a0cbf2340b2128d121ce0a76935aa869918c?s=96&d=mm&r=g\",\"caption\":\"Sabine Frank\"},\"url\":\"https:\\\/\\\/www.cds-wohnbau.de\\\/en\\\/author\\\/sabine-frank\\\/\"}]}<\/script>\n<!-- \/ Yoast SEO plugin. -->","yoast_head_json":{"title":"Startschuss zum Verkauf in Langen \u201elangliebig\u201c. Jetzt vormerken lassen - cds Wohnbau Gruppe | Berlin Frankfurt Hamburg","description":"Aktuelle Nachrichten \u00fcber die cds Wohnbau Gruppe","robots":{"index":"index","follow":"follow","max-snippet":"max-snippet:-1","max-image-preview":"max-image-preview:large","max-video-preview":"max-video-preview:-1"},"canonical":"https:\/\/www.cds-wohnbau.de\/en\/2024\/07\/17\/startschuss-zum-verkauf-in-langen-langliebig-jetzt-vormerken-lassen\/","og_locale":"en_US","og_type":"article","og_title":"Startschuss zum Verkauf in Langen \u201elangliebig\u201c. Jetzt vormerken lassen - cds Wohnbau Gruppe | Berlin Frankfurt Hamburg","og_description":"Aktuelle Nachrichten \u00fcber die cds Wohnbau Gruppe","og_url":"https:\/\/www.cds-wohnbau.de\/en\/2024\/07\/17\/startschuss-zum-verkauf-in-langen-langliebig-jetzt-vormerken-lassen\/","og_site_name":"cds Wohnbau Gruppe","article_published_time":"2024-07-17T09:05:46+00:00","article_modified_time":"2024-07-17T11:25:51+00:00","og_image":[{"width":2560,"height":1815,"url":"https:\/\/www.cds-wohnbau.de\/wp-content\/uploads\/2024\/07\/Langen_4BA_Vertriebsstart-1-scaled.jpg","type":"image\/jpeg"}],"author":"Sabine Frank","twitter_card":"summary_large_image","twitter_misc":{"Written by":"Sabine Frank","Est. reading time":"2 minutes"},"schema":{"@context":"https:\/\/schema.org","@graph":[{"@type":"Article","@id":"https:\/\/www.cds-wohnbau.de\/2024\/07\/17\/startschuss-zum-verkauf-in-langen-langliebig-jetzt-vormerken-lassen\/#article","isPartOf":{"@id":"https:\/\/www.cds-wohnbau.de\/2024\/07\/17\/startschuss-zum-verkauf-in-langen-langliebig-jetzt-vormerken-lassen\/"},"author":{"name":"Sabine Frank","@id":"https:\/\/www.cds-wohnbau.de\/#\/schema\/person\/f36fb5aaf4cf6fa010c47285e45a0cfd"},"headline":"Startschuss zum Verkauf in Langen \u201elangliebig\u201c. Jetzt vormerken lassen","datePublished":"2024-07-17T09:05:46+00:00","dateModified":"2024-07-17T11:25:51+00:00","mainEntityOfPage":{"@id":"https:\/\/www.cds-wohnbau.de\/2024\/07\/17\/startschuss-zum-verkauf-in-langen-langliebig-jetzt-vormerken-lassen\/"},"wordCount":132,"commentCount":0,"publisher":{"@id":"https:\/\/www.cds-wohnbau.de\/#organization"},"image":{"@id":"https:\/\/www.cds-wohnbau.de\/2024\/07\/17\/startschuss-zum-verkauf-in-langen-langliebig-jetzt-vormerken-lassen\/#primaryimage"},"thumbnailUrl":"https:\/\/www.cds-wohnbau.de\/wp-content\/uploads\/2024\/07\/Langen_4BA_Vertriebsstart-1-scaled.jpg","articleSection":["News","Presse"],"inLanguage":"en-US","potentialAction":[{"@type":"CommentAction","name":"Comment","target":["https:\/\/www.cds-wohnbau.de\/2024\/07\/17\/startschuss-zum-verkauf-in-langen-langliebig-jetzt-vormerken-lassen\/#respond"]}]},{"@type":"WebPage","@id":"https:\/\/www.cds-wohnbau.de\/2024\/07\/17\/startschuss-zum-verkauf-in-langen-langliebig-jetzt-vormerken-lassen\/","url":"https:\/\/www.cds-wohnbau.de\/2024\/07\/17\/startschuss-zum-verkauf-in-langen-langliebig-jetzt-vormerken-lassen\/","name":"Startschuss zum Verkauf in Langen \u201elangliebig\u201c. Jetzt vormerken lassen - cds Wohnbau Gruppe | Berlin Frankfurt Hamburg","isPartOf":{"@id":"https:\/\/www.cds-wohnbau.de\/#website"},"primaryImageOfPage":{"@id":"https:\/\/www.cds-wohnbau.de\/2024\/07\/17\/startschuss-zum-verkauf-in-langen-langliebig-jetzt-vormerken-lassen\/#primaryimage"},"image":{"@id":"https:\/\/www.cds-wohnbau.de\/2024\/07\/17\/startschuss-zum-verkauf-in-langen-langliebig-jetzt-vormerken-lassen\/#primaryimage"},"thumbnailUrl":"https:\/\/www.cds-wohnbau.de\/wp-content\/uploads\/2024\/07\/Langen_4BA_Vertriebsstart-1-scaled.jpg","datePublished":"2024-07-17T09:05:46+00:00","dateModified":"2024-07-17T11:25:51+00:00","description":"Aktuelle Nachrichten \u00fcber die cds Wohnbau Gruppe","breadcrumb":{"@id":"https:\/\/www.cds-wohnbau.de\/2024\/07\/17\/startschuss-zum-verkauf-in-langen-langliebig-jetzt-vormerken-lassen\/#breadcrumb"},"inLanguage":"en-US","potentialAction":[{"@type":"ReadAction","target":["https:\/\/www.cds-wohnbau.de\/2024\/07\/17\/startschuss-zum-verkauf-in-langen-langliebig-jetzt-vormerken-lassen\/"]}]},{"@type":"ImageObject","inLanguage":"en-US","@id":"https:\/\/www.cds-wohnbau.de\/2024\/07\/17\/startschuss-zum-verkauf-in-langen-langliebig-jetzt-vormerken-lassen\/#primaryimage","url":"https:\/\/www.cds-wohnbau.de\/wp-content\/uploads\/2024\/07\/Langen_4BA_Vertriebsstart-1-scaled.jpg","contentUrl":"https:\/\/www.cds-wohnbau.de\/wp-content\/uploads\/2024\/07\/Langen_4BA_Vertriebsstart-1-scaled.jpg","width":2560,"height":1815},{"@type":"BreadcrumbList","@id":"https:\/\/www.cds-wohnbau.de\/2024\/07\/17\/startschuss-zum-verkauf-in-langen-langliebig-jetzt-vormerken-lassen\/#breadcrumb","itemListElement":[{"@type":"ListItem","position":1,"name":"Home","item":"https:\/\/www.cds-wohnbau.de\/"},{"@type":"ListItem","position":2,"name":"Startschuss zum Verkauf in Langen \u201elangliebig\u201c. Jetzt vormerken lassen"}]},{"@type":"WebSite","@id":"https:\/\/www.cds-wohnbau.de\/#website","url":"https:\/\/www.cds-wohnbau.de\/","name":"cds Wohnbau Group","description":"Berlin Frankfurt Hamburg","publisher":{"@id":"https:\/\/www.cds-wohnbau.de\/#organization"},"potentialAction":[{"@type":"SearchAction","target":{"@type":"EntryPoint","urlTemplate":"https:\/\/www.cds-wohnbau.de\/?s={search_term_string}"},"query-input":{"@type":"PropertyValueSpecification","valueRequired":true,"valueName":"search_term_string"}}],"inLanguage":"en-US"},{"@type":"Organization","@id":"https:\/\/www.cds-wohnbau.de\/#organization","name":"cds Wohnbau Group","url":"https:\/\/www.cds-wohnbau.de\/","logo":{"@type":"ImageObject","inLanguage":"en-US","@id":"https:\/\/www.cds-wohnbau.de\/#\/schema\/logo\/image\/","url":"https:\/\/www.cds-wohnbau.de\/wp-content\/uploads\/2022\/10\/logo.png","contentUrl":"https:\/\/www.cds-wohnbau.de\/wp-content\/uploads\/2022\/10\/logo.png","width":246,"height":78,"caption":"cds Wohnbau Gruppe"},"image":{"@id":"https:\/\/www.cds-wohnbau.de\/#\/schema\/logo\/image\/"}},{"@type":"Person","@id":"https:\/\/www.cds-wohnbau.de\/#\/schema\/person\/f36fb5aaf4cf6fa010c47285e45a0cfd","name":"Sabine Frank","image":{"@type":"ImageObject","inLanguage":"en-US","@id":"https:\/\/secure.gravatar.com\/avatar\/5c7ffb6d2aa81569253053c703a2a0cbf2340b2128d121ce0a76935aa869918c?s=96&d=mm&r=g","url":"https:\/\/secure.gravatar.com\/avatar\/5c7ffb6d2aa81569253053c703a2a0cbf2340b2128d121ce0a76935aa869918c?s=96&d=mm&r=g","contentUrl":"https:\/\/secure.gravatar.com\/avatar\/5c7ffb6d2aa81569253053c703a2a0cbf2340b2128d121ce0a76935aa869918c?s=96&d=mm&r=g","caption":"Sabine Frank"},"url":"https:\/\/www.cds-wohnbau.de\/en\/author\/sabine-frank\/"}]}},"_links":{"self":[{"href":"https:\/\/www.cds-wohnbau.de\/en\/wp-json\/wp\/v2\/posts\/3720","targetHints":{"allow":["GET"]}}],"collection":[{"href":"https:\/\/www.cds-wohnbau.de\/en\/wp-json\/wp\/v2\/posts"}],"about":[{"href":"https:\/\/www.cds-wohnbau.de\/en\/wp-json\/wp\/v2\/types\/post"}],"author":[{"embeddable":true,"href":"https:\/\/www.cds-wohnbau.de\/en\/wp-json\/wp\/v2\/users\/5"}],"replies":[{"embeddable":true,"href":"https:\/\/www.cds-wohnbau.de\/en\/wp-json\/wp\/v2\/comments?post=3720"}],"version-history":[{"count":4,"href":"https:\/\/www.cds-wohnbau.de\/en\/wp-json\/wp\/v2\/posts\/3720\/revisions"}],"predecessor-version":[{"id":3731,"href":"https:\/\/www.cds-wohnbau.de\/en\/wp-json\/wp\/v2\/posts\/3720\/revisions\/3731"}],"wp:featuredmedia":[{"embeddable":true,"href":"https:\/\/www.cds-wohnbau.de\/en\/wp-json\/wp\/v2\/media\/3729"}],"wp:attachment":[{"href":"https:\/\/www.cds-wohnbau.de\/en\/wp-json\/wp\/v2\/media?parent=3720"}],"wp:term":[{"taxonomy":"category","embeddable":true,"href":"https:\/\/www.cds-wohnbau.de\/en\/wp-json\/wp\/v2\/categories?post=3720"},{"taxonomy":"post_tag","embeddable":true,"href":"https:\/\/www.cds-wohnbau.de\/en\/wp-json\/wp\/v2\/tags?post=3720"},{"taxonomy":"presse-standort","embeddable":true,"href":"https:\/\/www.cds-wohnbau.de\/en\/wp-json\/wp\/v2\/presse-standort?post=3720"}],"curies":[{"name":"wp","href":"https:\/\/api.w.org\/{rel}","templated":true}]}}