{"id":832,"date":"2021-12-16T07:34:00","date_gmt":"2021-12-16T06:34:00","guid":{"rendered":"https:\/\/www.cds-wohnbau.de\/?p=832"},"modified":"2023-01-19T14:04:22","modified_gmt":"2023-01-19T13:04:22","slug":"mein-prenzlhain-uebergabe-buerogebaeude","status":"publish","type":"post","link":"https:\/\/www.cds-wohnbau.de\/en\/2021\/12\/16\/mein-prenzlhain-uebergabe-buerogebaeude\/","title":{"rendered":"\"My Prenzlhain\" - handover of the office building"},"content":{"rendered":"<h3 class=\"wp-block-heading\">Completion of the last construction phase and handover of the 3rd office building<\/h3>\n\n\n\n<p>cds und Wulff Wohnbau Projekt Thaerstra\u00dfe GmbH successfully handed over the last office building to the investor BlackRock Real Assets on December 16, 2021. On a plot area of 3,294 m\u00b2, along Thaerstrasse\/ Hermann-Blankenstein-Strasse in the southernmost part of the district, a contemporary and excellently connected new office building with approx. 11,000 m\u00b2 of office space was built. BlackRock Real Assets has already successfully let all space.<\/p>\n\n\n\n<figure class=\"wp-block-gallery has-nested-images columns-default is-cropped wp-block-gallery-1 is-layout-flex wp-block-gallery-is-layout-flex\">\n<figure class=\"wp-block-image size-large\"><img fetchpriority=\"high\" decoding=\"async\" width=\"500\" height=\"400\" data-id=\"833\" src=\"https:\/\/www.cds-wohnbau.de\/wp-content\/uploads\/2023\/01\/blackrock_meinprenzlhain03-8b73352f.jpg\" alt=\"\" class=\"wp-image-833\" srcset=\"https:\/\/www.cds-wohnbau.de\/wp-content\/uploads\/2023\/01\/blackrock_meinprenzlhain03-8b73352f.jpg 500w, https:\/\/www.cds-wohnbau.de\/wp-content\/uploads\/2023\/01\/blackrock_meinprenzlhain03-8b73352f-300x240.jpg 300w\" sizes=\"(max-width: 500px) 100vw, 500px\" \/><\/figure>\n\n\n\n<figure class=\"wp-block-image size-large\"><img decoding=\"async\" width=\"500\" height=\"400\" data-id=\"834\" src=\"https:\/\/www.cds-wohnbau.de\/wp-content\/uploads\/2023\/01\/blackrock_meinprenzlhain04-2f9270ad.jpg\" alt=\"\" class=\"wp-image-834\" srcset=\"https:\/\/www.cds-wohnbau.de\/wp-content\/uploads\/2023\/01\/blackrock_meinprenzlhain04-2f9270ad.jpg 500w, https:\/\/www.cds-wohnbau.de\/wp-content\/uploads\/2023\/01\/blackrock_meinprenzlhain04-2f9270ad-300x240.jpg 300w\" sizes=\"(max-width: 500px) 100vw, 500px\" \/><\/figure>\n\n\n\n<figure class=\"wp-block-image size-large\"><img decoding=\"async\" width=\"500\" height=\"400\" data-id=\"835\" src=\"https:\/\/www.cds-wohnbau.de\/wp-content\/uploads\/2023\/01\/blackrock_meinprenzlhain02-bfdda1b2.jpg\" alt=\"\" class=\"wp-image-835\" srcset=\"https:\/\/www.cds-wohnbau.de\/wp-content\/uploads\/2023\/01\/blackrock_meinprenzlhain02-bfdda1b2.jpg 500w, https:\/\/www.cds-wohnbau.de\/wp-content\/uploads\/2023\/01\/blackrock_meinprenzlhain02-bfdda1b2-300x240.jpg 300w\" sizes=\"(max-width: 500px) 100vw, 500px\" \/><\/figure>\n<\/figure>","protected":false},"excerpt":{"rendered":"<p>3. und letztes B\u00fcrogeb\u00e4ude im Quartier &#8222;Mein Prenzlhain&#8220;an BlackRock Real Assets \u00fcbergeben.<\/p>","protected":false},"author":2,"featured_media":833,"comment_status":"closed","ping_status":"closed","sticky":false,"template":"","format":"standard","meta":{"footnotes":""},"categories":[25],"tags":[],"presse-standort":[87],"class_list":["post-832","post","type-post","status-publish","format-standard","has-post-thumbnail","hentry","category-news","presse-standort-berlin"],"yoast_head":"<!-- This site is optimized with the Yoast SEO plugin v27.5 - https:\/\/yoast.com\/product\/yoast-seo-wordpress\/ -->\n<title>&quot;Mein Prenzlhain&quot; - \u00dcbergabe B\u00fcrogeb\u00e4ude - cds Wohnbau Gruppe | Berlin Frankfurt Hamburg<\/title>\n<meta name=\"description\" content=\"Aktuelle Nachrichten \u00fcber die cds Wohnbau Gruppe\" \/>\n<meta name=\"robots\" content=\"index, follow, max-snippet:-1, max-image-preview:large, max-video-preview:-1\" \/>\n<link rel=\"canonical\" href=\"https:\/\/www.cds-wohnbau.de\/en\/2021\/12\/16\/mein-prenzlhain-uebergabe-buerogebaeude\/\" \/>\n<meta property=\"og:locale\" content=\"en_US\" \/>\n<meta property=\"og:type\" content=\"article\" \/>\n<meta property=\"og:title\" content=\"&quot;Mein Prenzlhain&quot; - \u00dcbergabe B\u00fcrogeb\u00e4ude - cds Wohnbau Gruppe | Berlin Frankfurt Hamburg\" \/>\n<meta property=\"og:description\" content=\"Aktuelle Nachrichten \u00fcber die cds Wohnbau Gruppe\" \/>\n<meta property=\"og:url\" content=\"https:\/\/www.cds-wohnbau.de\/en\/2021\/12\/16\/mein-prenzlhain-uebergabe-buerogebaeude\/\" \/>\n<meta property=\"og:site_name\" content=\"cds Wohnbau Gruppe\" \/>\n<meta property=\"article:published_time\" content=\"2021-12-16T06:34:00+00:00\" \/>\n<meta property=\"article:modified_time\" content=\"2023-01-19T13:04:22+00:00\" \/>\n<meta property=\"og:image\" content=\"https:\/\/www.cds-wohnbau.de\/wp-content\/uploads\/2023\/01\/blackrock_meinprenzlhain03-8b73352f.jpg\" \/>\n\t<meta property=\"og:image:width\" content=\"500\" \/>\n\t<meta property=\"og:image:height\" content=\"400\" \/>\n\t<meta property=\"og:image:type\" content=\"image\/jpeg\" \/>\n<meta name=\"author\" content=\"b2ku\" \/>\n<meta name=\"twitter:card\" content=\"summary_large_image\" \/>\n<meta name=\"twitter:label1\" content=\"Written by\" \/>\n\t<meta name=\"twitter:data1\" content=\"b2ku\" \/>\n<script type=\"application\/ld+json\" class=\"yoast-schema-graph\">{\"@context\":\"https:\\\/\\\/schema.org\",\"@graph\":[{\"@type\":\"Article\",\"@id\":\"https:\\\/\\\/www.cds-wohnbau.de\\\/2021\\\/12\\\/16\\\/mein-prenzlhain-uebergabe-buerogebaeude\\\/#article\",\"isPartOf\":{\"@id\":\"https:\\\/\\\/www.cds-wohnbau.de\\\/2021\\\/12\\\/16\\\/mein-prenzlhain-uebergabe-buerogebaeude\\\/\"},\"author\":{\"name\":\"b2ku\",\"@id\":\"https:\\\/\\\/www.cds-wohnbau.de\\\/#\\\/schema\\\/person\\\/f5877773c9c4ff537ad8c16f4f987135\"},\"headline\":\"&#8222;Mein Prenzlhain&#8220; &#8211; \u00dcbergabe B\u00fcrogeb\u00e4ude\",\"datePublished\":\"2021-12-16T06:34:00+00:00\",\"dateModified\":\"2023-01-19T13:04:22+00:00\",\"mainEntityOfPage\":{\"@id\":\"https:\\\/\\\/www.cds-wohnbau.de\\\/2021\\\/12\\\/16\\\/mein-prenzlhain-uebergabe-buerogebaeude\\\/\"},\"wordCount\":92,\"publisher\":{\"@id\":\"https:\\\/\\\/www.cds-wohnbau.de\\\/#organization\"},\"image\":{\"@id\":\"https:\\\/\\\/www.cds-wohnbau.de\\\/2021\\\/12\\\/16\\\/mein-prenzlhain-uebergabe-buerogebaeude\\\/#primaryimage\"},\"thumbnailUrl\":\"https:\\\/\\\/www.cds-wohnbau.de\\\/wp-content\\\/uploads\\\/2023\\\/01\\\/blackrock_meinprenzlhain03-8b73352f.jpg\",\"articleSection\":[\"News\"],\"inLanguage\":\"en-US\"},{\"@type\":\"WebPage\",\"@id\":\"https:\\\/\\\/www.cds-wohnbau.de\\\/2021\\\/12\\\/16\\\/mein-prenzlhain-uebergabe-buerogebaeude\\\/\",\"url\":\"https:\\\/\\\/www.cds-wohnbau.de\\\/2021\\\/12\\\/16\\\/mein-prenzlhain-uebergabe-buerogebaeude\\\/\",\"name\":\"\\\"Mein Prenzlhain\\\" - \u00dcbergabe B\u00fcrogeb\u00e4ude - cds Wohnbau Gruppe | Berlin Frankfurt Hamburg\",\"isPartOf\":{\"@id\":\"https:\\\/\\\/www.cds-wohnbau.de\\\/#website\"},\"primaryImageOfPage\":{\"@id\":\"https:\\\/\\\/www.cds-wohnbau.de\\\/2021\\\/12\\\/16\\\/mein-prenzlhain-uebergabe-buerogebaeude\\\/#primaryimage\"},\"image\":{\"@id\":\"https:\\\/\\\/www.cds-wohnbau.de\\\/2021\\\/12\\\/16\\\/mein-prenzlhain-uebergabe-buerogebaeude\\\/#primaryimage\"},\"thumbnailUrl\":\"https:\\\/\\\/www.cds-wohnbau.de\\\/wp-content\\\/uploads\\\/2023\\\/01\\\/blackrock_meinprenzlhain03-8b73352f.jpg\",\"datePublished\":\"2021-12-16T06:34:00+00:00\",\"dateModified\":\"2023-01-19T13:04:22+00:00\",\"description\":\"Aktuelle Nachrichten \u00fcber die cds Wohnbau Gruppe\",\"breadcrumb\":{\"@id\":\"https:\\\/\\\/www.cds-wohnbau.de\\\/2021\\\/12\\\/16\\\/mein-prenzlhain-uebergabe-buerogebaeude\\\/#breadcrumb\"},\"inLanguage\":\"en-US\",\"potentialAction\":[{\"@type\":\"ReadAction\",\"target\":[\"https:\\\/\\\/www.cds-wohnbau.de\\\/2021\\\/12\\\/16\\\/mein-prenzlhain-uebergabe-buerogebaeude\\\/\"]}]},{\"@type\":\"ImageObject\",\"inLanguage\":\"en-US\",\"@id\":\"https:\\\/\\\/www.cds-wohnbau.de\\\/2021\\\/12\\\/16\\\/mein-prenzlhain-uebergabe-buerogebaeude\\\/#primaryimage\",\"url\":\"https:\\\/\\\/www.cds-wohnbau.de\\\/wp-content\\\/uploads\\\/2023\\\/01\\\/blackrock_meinprenzlhain03-8b73352f.jpg\",\"contentUrl\":\"https:\\\/\\\/www.cds-wohnbau.de\\\/wp-content\\\/uploads\\\/2023\\\/01\\\/blackrock_meinprenzlhain03-8b73352f.jpg\",\"width\":500,\"height\":400},{\"@type\":\"BreadcrumbList\",\"@id\":\"https:\\\/\\\/www.cds-wohnbau.de\\\/2021\\\/12\\\/16\\\/mein-prenzlhain-uebergabe-buerogebaeude\\\/#breadcrumb\",\"itemListElement\":[{\"@type\":\"ListItem\",\"position\":1,\"name\":\"Home\",\"item\":\"https:\\\/\\\/www.cds-wohnbau.de\\\/\"},{\"@type\":\"ListItem\",\"position\":2,\"name\":\"&#8220;Mein Prenzlhain&#8221; &#8211; \u00dcbergabe B\u00fcrogeb\u00e4ude\"}]},{\"@type\":\"WebSite\",\"@id\":\"https:\\\/\\\/www.cds-wohnbau.de\\\/#website\",\"url\":\"https:\\\/\\\/www.cds-wohnbau.de\\\/\",\"name\":\"cds Wohnbau Gruppe\",\"description\":\"Berlin Frankfurt Hamburg\",\"publisher\":{\"@id\":\"https:\\\/\\\/www.cds-wohnbau.de\\\/#organization\"},\"potentialAction\":[{\"@type\":\"SearchAction\",\"target\":{\"@type\":\"EntryPoint\",\"urlTemplate\":\"https:\\\/\\\/www.cds-wohnbau.de\\\/?s={search_term_string}\"},\"query-input\":{\"@type\":\"PropertyValueSpecification\",\"valueRequired\":true,\"valueName\":\"search_term_string\"}}],\"inLanguage\":\"en-US\"},{\"@type\":\"Organization\",\"@id\":\"https:\\\/\\\/www.cds-wohnbau.de\\\/#organization\",\"name\":\"cds Wohnbau Gruppe\",\"url\":\"https:\\\/\\\/www.cds-wohnbau.de\\\/\",\"logo\":{\"@type\":\"ImageObject\",\"inLanguage\":\"en-US\",\"@id\":\"https:\\\/\\\/www.cds-wohnbau.de\\\/#\\\/schema\\\/logo\\\/image\\\/\",\"url\":\"https:\\\/\\\/www.cds-wohnbau.de\\\/wp-content\\\/uploads\\\/2022\\\/10\\\/logo.png\",\"contentUrl\":\"https:\\\/\\\/www.cds-wohnbau.de\\\/wp-content\\\/uploads\\\/2022\\\/10\\\/logo.png\",\"width\":246,\"height\":78,\"caption\":\"cds Wohnbau Gruppe\"},\"image\":{\"@id\":\"https:\\\/\\\/www.cds-wohnbau.de\\\/#\\\/schema\\\/logo\\\/image\\\/\"}},{\"@type\":\"Person\",\"@id\":\"https:\\\/\\\/www.cds-wohnbau.de\\\/#\\\/schema\\\/person\\\/f5877773c9c4ff537ad8c16f4f987135\",\"name\":\"b2ku\",\"image\":{\"@type\":\"ImageObject\",\"inLanguage\":\"en-US\",\"@id\":\"https:\\\/\\\/secure.gravatar.com\\\/avatar\\\/b98645969bfc25f4d559359aea1ea3514e7297efc52cadb506c0f1e3cdf5daeb?s=96&d=mm&r=g\",\"url\":\"https:\\\/\\\/secure.gravatar.com\\\/avatar\\\/b98645969bfc25f4d559359aea1ea3514e7297efc52cadb506c0f1e3cdf5daeb?s=96&d=mm&r=g\",\"contentUrl\":\"https:\\\/\\\/secure.gravatar.com\\\/avatar\\\/b98645969bfc25f4d559359aea1ea3514e7297efc52cadb506c0f1e3cdf5daeb?s=96&d=mm&r=g\",\"caption\":\"b2ku\"},\"url\":\"https:\\\/\\\/www.cds-wohnbau.de\\\/en\\\/author\\\/b2ku\\\/\"}]}<\/script>\n<!-- \/ Yoast SEO plugin. -->","yoast_head_json":{"title":"\"Mein Prenzlhain\" - \u00dcbergabe B\u00fcrogeb\u00e4ude - cds Wohnbau Gruppe | Berlin Frankfurt Hamburg","description":"Aktuelle Nachrichten \u00fcber die cds Wohnbau Gruppe","robots":{"index":"index","follow":"follow","max-snippet":"max-snippet:-1","max-image-preview":"max-image-preview:large","max-video-preview":"max-video-preview:-1"},"canonical":"https:\/\/www.cds-wohnbau.de\/en\/2021\/12\/16\/mein-prenzlhain-uebergabe-buerogebaeude\/","og_locale":"en_US","og_type":"article","og_title":"\"Mein Prenzlhain\" - \u00dcbergabe B\u00fcrogeb\u00e4ude - cds Wohnbau Gruppe | Berlin Frankfurt Hamburg","og_description":"Aktuelle Nachrichten \u00fcber die cds Wohnbau Gruppe","og_url":"https:\/\/www.cds-wohnbau.de\/en\/2021\/12\/16\/mein-prenzlhain-uebergabe-buerogebaeude\/","og_site_name":"cds Wohnbau Gruppe","article_published_time":"2021-12-16T06:34:00+00:00","article_modified_time":"2023-01-19T13:04:22+00:00","og_image":[{"width":500,"height":400,"url":"https:\/\/www.cds-wohnbau.de\/wp-content\/uploads\/2023\/01\/blackrock_meinprenzlhain03-8b73352f.jpg","type":"image\/jpeg"}],"author":"b2ku","twitter_card":"summary_large_image","twitter_misc":{"Written by":"b2ku"},"schema":{"@context":"https:\/\/schema.org","@graph":[{"@type":"Article","@id":"https:\/\/www.cds-wohnbau.de\/2021\/12\/16\/mein-prenzlhain-uebergabe-buerogebaeude\/#article","isPartOf":{"@id":"https:\/\/www.cds-wohnbau.de\/2021\/12\/16\/mein-prenzlhain-uebergabe-buerogebaeude\/"},"author":{"name":"b2ku","@id":"https:\/\/www.cds-wohnbau.de\/#\/schema\/person\/f5877773c9c4ff537ad8c16f4f987135"},"headline":"&#8222;Mein Prenzlhain&#8220; &#8211; \u00dcbergabe B\u00fcrogeb\u00e4ude","datePublished":"2021-12-16T06:34:00+00:00","dateModified":"2023-01-19T13:04:22+00:00","mainEntityOfPage":{"@id":"https:\/\/www.cds-wohnbau.de\/2021\/12\/16\/mein-prenzlhain-uebergabe-buerogebaeude\/"},"wordCount":92,"publisher":{"@id":"https:\/\/www.cds-wohnbau.de\/#organization"},"image":{"@id":"https:\/\/www.cds-wohnbau.de\/2021\/12\/16\/mein-prenzlhain-uebergabe-buerogebaeude\/#primaryimage"},"thumbnailUrl":"https:\/\/www.cds-wohnbau.de\/wp-content\/uploads\/2023\/01\/blackrock_meinprenzlhain03-8b73352f.jpg","articleSection":["News"],"inLanguage":"en-US"},{"@type":"WebPage","@id":"https:\/\/www.cds-wohnbau.de\/2021\/12\/16\/mein-prenzlhain-uebergabe-buerogebaeude\/","url":"https:\/\/www.cds-wohnbau.de\/2021\/12\/16\/mein-prenzlhain-uebergabe-buerogebaeude\/","name":"\"Mein Prenzlhain\" - \u00dcbergabe B\u00fcrogeb\u00e4ude - cds Wohnbau Gruppe | Berlin Frankfurt Hamburg","isPartOf":{"@id":"https:\/\/www.cds-wohnbau.de\/#website"},"primaryImageOfPage":{"@id":"https:\/\/www.cds-wohnbau.de\/2021\/12\/16\/mein-prenzlhain-uebergabe-buerogebaeude\/#primaryimage"},"image":{"@id":"https:\/\/www.cds-wohnbau.de\/2021\/12\/16\/mein-prenzlhain-uebergabe-buerogebaeude\/#primaryimage"},"thumbnailUrl":"https:\/\/www.cds-wohnbau.de\/wp-content\/uploads\/2023\/01\/blackrock_meinprenzlhain03-8b73352f.jpg","datePublished":"2021-12-16T06:34:00+00:00","dateModified":"2023-01-19T13:04:22+00:00","description":"Aktuelle Nachrichten \u00fcber die cds Wohnbau Gruppe","breadcrumb":{"@id":"https:\/\/www.cds-wohnbau.de\/2021\/12\/16\/mein-prenzlhain-uebergabe-buerogebaeude\/#breadcrumb"},"inLanguage":"en-US","potentialAction":[{"@type":"ReadAction","target":["https:\/\/www.cds-wohnbau.de\/2021\/12\/16\/mein-prenzlhain-uebergabe-buerogebaeude\/"]}]},{"@type":"ImageObject","inLanguage":"en-US","@id":"https:\/\/www.cds-wohnbau.de\/2021\/12\/16\/mein-prenzlhain-uebergabe-buerogebaeude\/#primaryimage","url":"https:\/\/www.cds-wohnbau.de\/wp-content\/uploads\/2023\/01\/blackrock_meinprenzlhain03-8b73352f.jpg","contentUrl":"https:\/\/www.cds-wohnbau.de\/wp-content\/uploads\/2023\/01\/blackrock_meinprenzlhain03-8b73352f.jpg","width":500,"height":400},{"@type":"BreadcrumbList","@id":"https:\/\/www.cds-wohnbau.de\/2021\/12\/16\/mein-prenzlhain-uebergabe-buerogebaeude\/#breadcrumb","itemListElement":[{"@type":"ListItem","position":1,"name":"Home","item":"https:\/\/www.cds-wohnbau.de\/"},{"@type":"ListItem","position":2,"name":"&#8220;Mein Prenzlhain&#8221; &#8211; \u00dcbergabe B\u00fcrogeb\u00e4ude"}]},{"@type":"WebSite","@id":"https:\/\/www.cds-wohnbau.de\/#website","url":"https:\/\/www.cds-wohnbau.de\/","name":"cds Wohnbau Group","description":"Berlin Frankfurt Hamburg","publisher":{"@id":"https:\/\/www.cds-wohnbau.de\/#organization"},"potentialAction":[{"@type":"SearchAction","target":{"@type":"EntryPoint","urlTemplate":"https:\/\/www.cds-wohnbau.de\/?s={search_term_string}"},"query-input":{"@type":"PropertyValueSpecification","valueRequired":true,"valueName":"search_term_string"}}],"inLanguage":"en-US"},{"@type":"Organization","@id":"https:\/\/www.cds-wohnbau.de\/#organization","name":"cds Wohnbau Group","url":"https:\/\/www.cds-wohnbau.de\/","logo":{"@type":"ImageObject","inLanguage":"en-US","@id":"https:\/\/www.cds-wohnbau.de\/#\/schema\/logo\/image\/","url":"https:\/\/www.cds-wohnbau.de\/wp-content\/uploads\/2022\/10\/logo.png","contentUrl":"https:\/\/www.cds-wohnbau.de\/wp-content\/uploads\/2022\/10\/logo.png","width":246,"height":78,"caption":"cds Wohnbau Gruppe"},"image":{"@id":"https:\/\/www.cds-wohnbau.de\/#\/schema\/logo\/image\/"}},{"@type":"Person","@id":"https:\/\/www.cds-wohnbau.de\/#\/schema\/person\/f5877773c9c4ff537ad8c16f4f987135","name":"b2ku","image":{"@type":"ImageObject","inLanguage":"en-US","@id":"https:\/\/secure.gravatar.com\/avatar\/b98645969bfc25f4d559359aea1ea3514e7297efc52cadb506c0f1e3cdf5daeb?s=96&d=mm&r=g","url":"https:\/\/secure.gravatar.com\/avatar\/b98645969bfc25f4d559359aea1ea3514e7297efc52cadb506c0f1e3cdf5daeb?s=96&d=mm&r=g","contentUrl":"https:\/\/secure.gravatar.com\/avatar\/b98645969bfc25f4d559359aea1ea3514e7297efc52cadb506c0f1e3cdf5daeb?s=96&d=mm&r=g","caption":"b2ku"},"url":"https:\/\/www.cds-wohnbau.de\/en\/author\/b2ku\/"}]}},"_links":{"self":[{"href":"https:\/\/www.cds-wohnbau.de\/en\/wp-json\/wp\/v2\/posts\/832","targetHints":{"allow":["GET"]}}],"collection":[{"href":"https:\/\/www.cds-wohnbau.de\/en\/wp-json\/wp\/v2\/posts"}],"about":[{"href":"https:\/\/www.cds-wohnbau.de\/en\/wp-json\/wp\/v2\/types\/post"}],"author":[{"embeddable":true,"href":"https:\/\/www.cds-wohnbau.de\/en\/wp-json\/wp\/v2\/users\/2"}],"replies":[{"embeddable":true,"href":"https:\/\/www.cds-wohnbau.de\/en\/wp-json\/wp\/v2\/comments?post=832"}],"version-history":[{"count":2,"href":"https:\/\/www.cds-wohnbau.de\/en\/wp-json\/wp\/v2\/posts\/832\/revisions"}],"predecessor-version":[{"id":1757,"href":"https:\/\/www.cds-wohnbau.de\/en\/wp-json\/wp\/v2\/posts\/832\/revisions\/1757"}],"wp:featuredmedia":[{"embeddable":true,"href":"https:\/\/www.cds-wohnbau.de\/en\/wp-json\/wp\/v2\/media\/833"}],"wp:attachment":[{"href":"https:\/\/www.cds-wohnbau.de\/en\/wp-json\/wp\/v2\/media?parent=832"}],"wp:term":[{"taxonomy":"category","embeddable":true,"href":"https:\/\/www.cds-wohnbau.de\/en\/wp-json\/wp\/v2\/categories?post=832"},{"taxonomy":"post_tag","embeddable":true,"href":"https:\/\/www.cds-wohnbau.de\/en\/wp-json\/wp\/v2\/tags?post=832"},{"taxonomy":"presse-standort","embeddable":true,"href":"https:\/\/www.cds-wohnbau.de\/en\/wp-json\/wp\/v2\/presse-standort?post=832"}],"curies":[{"name":"wp","href":"https:\/\/api.w.org\/{rel}","templated":true}]}}